{"id":2152,"date":"2025-08-19T08:28:40","date_gmt":"2025-08-19T08:28:40","guid":{"rendered":"https:\/\/blog.dltformazione.it\/?p=2152"},"modified":"2025-08-20T07:23:49","modified_gmt":"2025-08-20T07:23:49","slug":"illuminazione-architettonica-progettare-il-comfort-visivo-tra-normativa-e-benessere","status":"publish","type":"post","link":"https:\/\/blog.dltformazione.it\/index.php\/2025\/08\/19\/illuminazione-architettonica-progettare-il-comfort-visivo-tra-normativa-e-benessere\/","title":{"rendered":"Illuminazione architettonica: progettare il comfort visivo tra normativa e benessere"},"content":{"rendered":"<div class=\"fusion-fullwidth fullwidth-box fusion-builder-row-1 fusion-flex-container has-pattern-background has-mask-background nonhundred-percent-fullwidth non-hundred-percent-height-scrolling\" style=\"--awb-border-radius-top-left:0px;--awb-border-radius-top-right:0px;--awb-border-radius-bottom-right:0px;--awb-border-radius-bottom-left:0px;--awb-padding-top:0px;--awb-margin-top:0px;--awb-flex-wrap:wrap;\" ><div class=\"fusion-builder-row fusion-row fusion-flex-align-items-flex-start fusion-flex-content-wrap\" style=\"max-width:1302px;margin-left: calc(-5% \/ 2 );margin-right: calc(-5% \/ 2 );\"><div class=\"fusion-layout-column fusion_builder_column fusion-builder-column-0 fusion_builder_column_1_1 1_1 fusion-flex-column fusion-flex-align-self-flex-start\" style=\"--awb-bg-size:cover;--awb-width-large:100%;--awb-margin-top-large:0px;--awb-spacing-right-large:0px;--awb-margin-bottom-large:0px;--awb-spacing-left-large:0px;--awb-width-medium:100%;--awb-order-medium:0;--awb-spacing-right-medium:0px;--awb-spacing-left-medium:0px;--awb-width-small:100%;--awb-order-small:0;--awb-spacing-right-small:2.375%;--awb-spacing-left-small:2.375%;\"><div class=\"fusion-column-wrapper fusion-column-has-shadow fusion-flex-justify-content-flex-start fusion-content-layout-column\"><div class=\"fusion-text fusion-text-1\" style=\"--awb-content-alignment:left;\"><p>La progettazione illuminotecnica degli spazi abitativi e lavorativi rappresenta uno degli aspetti pi\u00f9 sottovalutati ma decisivi per il comfort degli utenti. Al di l\u00e0 delle considerazioni estetiche, una corretta illuminazione influisce direttamente su produttivit\u00e0, salute e benessere psicofisico, richiedendo competenze tecniche specifiche che ogni architetto dovrebbe padroneggiare.<\/p>\n<\/div><div class=\"fusion-title title fusion-title-1 fusion-sep-none fusion-title-text fusion-title-size-four\" style=\"--awb-margin-top:20px;--awb-margin-top-small:50px;--awb-margin-right-small:0px;--awb-margin-bottom-small:10px;--awb-margin-left-small:0px;\"><h4 class=\"fusion-title-heading title-heading-left\" style=\"margin:0;\">Il quadro normativo di riferimento<\/h4><\/div><div class=\"fusion-text fusion-text-2\"><p class=\"whitespace-normal break-words\">La norma UNI EN 12464-1:2021 stabilisce i requisiti illuminotecnici per luoghi di lavoro in ambienti interni, definendo parametri precisi come illuminamento medio mantenuto, uniformit\u00e0, abbagliamento (UGR) e indice di resa cromatica (Ra). Per gli uffici, ad esempio, l&#8217;illuminamento richiesto \u00e8 di 500 lux sul piano di lavoro, con uniformit\u00e0 minima di 0,6 e UGR massimo di 19.<\/p>\n<p class=\"whitespace-normal break-words\">Negli ambienti residenziali, la norma UNI 11142:2004 fornisce le linee guida per l&#8217;illuminazione di interni, suggerendo valori differenziati per ogni ambiente: 200-500 lux per soggiorni, 300-750 lux per cucine, 150-300 lux per camere da letto. Tuttavia, questi sono valori minimi che una progettazione consapevole dovrebbe saper modulare in base alle specifiche esigenze d&#8217;uso.<\/p>\n<\/div><div class=\"fusion-title title fusion-title-2 fusion-sep-none fusion-title-text fusion-title-size-four\" style=\"--awb-margin-top:20px;--awb-margin-top-small:50px;--awb-margin-right-small:0px;--awb-margin-bottom-small:10px;--awb-margin-left-small:0px;\"><h4 class=\"fusion-title-heading title-heading-left\" style=\"margin:0;\">Principi fondamentali della progettazione illuminotecnica<\/h4><\/div><div class=\"fusion-text fusion-text-3\"><p class=\"whitespace-normal break-words\">La distribuzione della luce deve seguire tre livelli gerarchici: illuminazione generale (<strong>ambient<\/strong>), illuminazione d&#8217;accento (<strong>accent<\/strong>) e illuminazione funzionale (<strong>task<\/strong>). Questa stratificazione permette di creare ambienti versatili e confortevoli, evitando l&#8217;errore comune di un&#8217;illuminazione uniforme e piatta.<\/p>\n<p class=\"whitespace-normal break-words\">L&#8217;illuminazione generale fornisce la base luminosa dell&#8217;ambiente, garantendo visibilit\u00e0 e orientamento spaziale. Dovrebbe essere diffusa e uniforme, con flusso luminoso distribuito attraverso plafoniere, strisce LED integrate o illuminazione indiretta. La regola empirica prevede 10-15 lux per metro quadrato negli spazi residenziali, aumentando a 15-20 lux negli ambienti lavorativi.<\/p>\n<p class=\"whitespace-normal break-words\">L&#8217;illuminazione d&#8217;accento crea gerarchie visuali e valorizza elementi architettonici, opere d&#8217;arte o arredi particolari. Utilizzando proiettori direzionali o strip LED nascosti, si ottengono effetti scenografici che arricchiscono la percezione spaziale senza compromettere la funzionalit\u00e0.<\/p>\n<p class=\"whitespace-normal break-words\">L&#8217;illuminazione funzionale risponde a necessit\u00e0 specifiche: lettura, cucina, lavoro al computer. Deve essere precisa e priva di abbagliamenti, con intensit\u00e0 2-3 volte superiore all&#8217;illuminazione generale nell&#8217;area interessata.<\/p>\n<\/div><div class=\"fusion-title title fusion-title-3 fusion-sep-none fusion-title-text fusion-title-size-four\" style=\"--awb-margin-top:20px;--awb-margin-top-small:50px;--awb-margin-right-small:0px;--awb-margin-bottom-small:10px;--awb-margin-left-small:0px;\"><h4 class=\"fusion-title-heading title-heading-left\" style=\"margin:0;\">Tecnologie LED e qualit\u00e0 della luce<\/h4><\/div><div class=\"fusion-builder-row fusion-builder-row-inner fusion-row fusion-flex-align-items-flex-start fusion-flex-content-wrap\" style=\"--awb-flex-grow:0;--awb-flex-grow-medium:0;--awb-flex-grow-small:0;--awb-flex-shrink:0;--awb-flex-shrink-medium:0;--awb-flex-shrink-small:0;width:105% !important;max-width:105% !important;margin-left: calc(-5% \/ 2 );margin-right: calc(-5% \/ 2 );\"><div class=\"fusion-layout-column fusion_builder_column_inner fusion-builder-nested-column-0 fusion_builder_column_inner_1_2 1_2 fusion-flex-column\" style=\"--awb-bg-size:cover;--awb-width-large:50%;--awb-margin-top-large:0px;--awb-spacing-right-large:4.75%;--awb-margin-bottom-large:0px;--awb-spacing-left-large:4.75%;--awb-width-medium:50%;--awb-order-medium:0;--awb-spacing-right-medium:4.75%;--awb-spacing-left-medium:4.75%;--awb-width-small:100%;--awb-order-small:0;--awb-spacing-right-small:2.375%;--awb-spacing-left-small:2.375%;\"><div class=\"fusion-column-wrapper fusion-column-has-shadow fusion-flex-justify-content-flex-start fusion-content-layout-column\"><div class=\"fusion-text fusion-text-4\"><p class=\"whitespace-normal break-words\">La tecnologia LED ha rivoluzionato la progettazione illuminotecnica, offrendo efficienza energetica, durata e flessibilit\u00e0 cromatica impensabili con le tecnologie tradizionali. Tuttavia, richiede competenze specifiche per essere utilizzata correttamente.<\/p>\n<\/div><\/div><\/div><div class=\"fusion-layout-column fusion_builder_column_inner fusion-builder-nested-column-1 fusion_builder_column_inner_1_2 1_2 fusion-flex-column\" style=\"--awb-bg-size:cover;--awb-width-large:50%;--awb-margin-top-large:0px;--awb-spacing-right-large:4.75%;--awb-margin-bottom-large:0px;--awb-spacing-left-large:4.75%;--awb-width-medium:50%;--awb-order-medium:0;--awb-spacing-right-medium:4.75%;--awb-spacing-left-medium:4.75%;--awb-width-small:100%;--awb-order-small:0;--awb-spacing-right-small:2.375%;--awb-spacing-left-small:2.375%;\"><div class=\"fusion-column-wrapper fusion-column-has-shadow fusion-flex-justify-content-flex-start fusion-content-layout-column\"><div class=\"fusion-image-element \" style=\"--awb-caption-title-font-family:var(--h2_typography-font-family);--awb-caption-title-font-weight:var(--h2_typography-font-weight);--awb-caption-title-font-style:var(--h2_typography-font-style);--awb-caption-title-size:var(--h2_typography-font-size);--awb-caption-title-transform:var(--h2_typography-text-transform);--awb-caption-title-line-height:var(--h2_typography-line-height);--awb-caption-title-letter-spacing:var(--h2_typography-letter-spacing);\"><span class=\" fusion-imageframe imageframe-none imageframe-1 hover-type-none\"><img decoding=\"async\" width=\"300\" height=\"200\" alt=\"Illuminazione architettonica: progettare il comfort visivo tra normativa e benessere\" title=\"Illuminazione architettonica: progettare il comfort visivo tra normativa e benessere\" src=\"https:\/\/blog.dltformazione.it\/wp-content\/uploads\/2025\/08\/comparazione-temperature-di-colore.png\" data-orig-src=\"https:\/\/blog.dltformazione.it\/wp-content\/uploads\/2025\/08\/comparazione-temperature-di-colore-300x200.png\" class=\"lazyload img-responsive wp-image-2153\" srcset=\"data:image\/svg+xml,%3Csvg%20xmlns%3D%27http%3A%2F%2Fwww.w3.org%2F2000%2Fsvg%27%20width%3D%271440%27%20height%3D%27960%27%20viewBox%3D%270%200%201440%20960%27%3E%3Crect%20width%3D%271440%27%20height%3D%27960%27%20fill-opacity%3D%220%22%2F%3E%3C%2Fsvg%3E\" data-srcset=\"https:\/\/blog.dltformazione.it\/wp-content\/uploads\/2025\/08\/comparazione-temperature-di-colore-200x133.png 200w, https:\/\/blog.dltformazione.it\/wp-content\/uploads\/2025\/08\/comparazione-temperature-di-colore-400x267.png 400w, https:\/\/blog.dltformazione.it\/wp-content\/uploads\/2025\/08\/comparazione-temperature-di-colore-600x400.png 600w, https:\/\/blog.dltformazione.it\/wp-content\/uploads\/2025\/08\/comparazione-temperature-di-colore-800x533.png 800w, https:\/\/blog.dltformazione.it\/wp-content\/uploads\/2025\/08\/comparazione-temperature-di-colore-1200x800.png 1200w, https:\/\/blog.dltformazione.it\/wp-content\/uploads\/2025\/08\/comparazione-temperature-di-colore.png 1440w\" data-sizes=\"auto\" data-orig-sizes=\"(max-width: 800px) 100vw, 600px\" \/><\/span><\/div><\/div><\/div><\/div><div class=\"fusion-text fusion-text-5\" style=\"--awb-margin-top:10px;\"><p class=\"whitespace-normal break-words\">La temperatura di colore correlata (CCT) influenza significativamente l&#8217;atmosfera e la funzionalit\u00e0 degli spazi. Valori intorno ai 2700-3000K creano atmosfere calde e accoglienti, ideali per zone relax e ambienti residenziali serali. Temperature di 4000-5000K garantiscono maggiore concentrazione e sono indicate per uffici e ambienti di lavoro. La possibilit\u00e0 di regolare dinamicamente la temperatura di colore (tunable white) rappresenta l&#8217;evoluzione pi\u00f9 avanzata, permettendo di seguire i ritmi circadiani naturali.<\/p>\n<p class=\"whitespace-normal break-words\">L&#8217;indice di resa cromatica (CRI o Ra) non dovrebbe mai scendere sotto 80, mentre per applicazioni critiche come studi artistici o ambulatori medici \u00e8 necessario raggiungere valori superiori a 90. La tecnologia LED attuale permette facilmente di superare Ra 95, garantendo una riproduzione cromatica praticamente perfetta.<\/p>\n<\/div><div class=\"fusion-title title fusion-title-4 fusion-sep-none fusion-title-text fusion-title-size-four\" style=\"--awb-margin-top:20px;--awb-margin-top-small:30px;--awb-margin-right-small:0px;--awb-margin-bottom-small:10px;--awb-margin-left-small:0px;\"><h4 class=\"fusion-title-heading title-heading-left\" style=\"margin:0;text-transform:none;\">Impatto sul benessere e sulla produttivit\u00e0<\/h4><\/div><div class=\"fusion-text fusion-text-6\"><p class=\"whitespace-normal break-words\">Ricerche scientifiche dimostrano che l&#8217;illuminazione influisce direttamente sui ritmi circadiani, regolando la produzione di melatonina e cortisolo. Un&#8217;illuminazione inadeguata pu\u00f2 causare affaticamento visivo, mal di testa, disturbi del sonno e riduzione della produttivit\u00e0 fino al 15-20%.<\/p>\n<p class=\"whitespace-normal break-words\">L&#8217;effetto melanopico della luce, legato alle cellule gangliari retiniche fotosensibili, \u00e8 diventato un parametro progettuale essenziale. Durante il giorno, \u00e8 necessario garantire stimolazione melanopica sufficiente (&gt;250 lux equivalenti melanopici) per mantenere la vigilanza, mentre la sera va ridotta per favorire il rilassamento.<\/p>\n<p class=\"whitespace-normal break-words\">La gestione intelligente dell&#8217;illuminazione attraverso sistemi DALI o KNX permette di programmare scenari dinamici che seguono i ritmi naturali, ottimizzando automaticamente intensit\u00e0 e temperatura di colore durante la giornata.<\/p>\n<\/div><div class=\"fusion-title title fusion-title-5 fusion-sep-none fusion-title-text fusion-title-size-four\" style=\"--awb-margin-top:20px;--awb-margin-top-small:30px;--awb-margin-right-small:0px;--awb-margin-bottom-small:10px;--awb-margin-left-small:0px;\"><h4 class=\"fusion-title-heading title-heading-left\" style=\"margin:0;\">Considerazioni energetiche e sostenibilit\u00e0<\/h4><\/div><div class=\"fusion-text fusion-text-7\"><p class=\"whitespace-normal break-words\">La progettazione illuminotecnica moderna deve bilanciare comfort visivo ed efficienza energetica. L&#8217;utilizzo di sensori di presenza e daylight harvesting pu\u00f2 ridurre i consumi del 30-50% senza compromettere la qualit\u00e0 luminosa.<\/p>\n<p class=\"whitespace-normal break-words\">La normativa europea prevede che entro il 2026 tutti gli edifici nuovi debbano integrare sistemi di controllo automatico dell&#8217;illuminazione, rendendo indispensabile la conoscenza di tecnologie smart e protocolli di comunicazione tra dispositivi.<\/p>\n<p class=\"whitespace-normal break-words\">L&#8217;analisi del fattore di luce diurna e l&#8217;integrazione tra illuminazione naturale e artificiale riducono la dipendenza energetica e migliorano il comfort visivo. Strategie come light shelves, sistemi prismatici e camini di luce massimizzano l&#8217;apporto solare negli spazi interni.<\/p>\n<\/div><div class=\"fusion-title title fusion-title-6 fusion-sep-none fusion-title-text fusion-title-size-four\" style=\"--awb-margin-top:20px;--awb-margin-top-small:30px;--awb-margin-right-small:0px;--awb-margin-bottom-small:10px;--awb-margin-left-small:0px;\"><h4 class=\"fusion-title-heading title-heading-left\" style=\"margin:0;\">Strumenti di progettazione professionale<\/h4><\/div><div class=\"fusion-builder-row fusion-builder-row-inner fusion-row fusion-flex-align-items-flex-start fusion-flex-content-wrap\" style=\"--awb-flex-grow:0;--awb-flex-grow-medium:0;--awb-flex-grow-small:0;--awb-flex-shrink:0;--awb-flex-shrink-medium:0;--awb-flex-shrink-small:0;width:105% !important;max-width:105% !important;margin-left: calc(-5% \/ 2 );margin-right: calc(-5% \/ 2 );\"><div class=\"fusion-layout-column fusion_builder_column_inner fusion-builder-nested-column-2 fusion_builder_column_inner_1_2 1_2 fusion-flex-column\" style=\"--awb-bg-size:cover;--awb-width-large:50%;--awb-margin-top-large:0px;--awb-spacing-right-large:4.75%;--awb-margin-bottom-large:0px;--awb-spacing-left-large:4.75%;--awb-width-medium:50%;--awb-order-medium:0;--awb-spacing-right-medium:4.75%;--awb-spacing-left-medium:4.75%;--awb-width-small:100%;--awb-order-small:0;--awb-spacing-right-small:2.375%;--awb-spacing-left-small:2.375%;\"><div class=\"fusion-column-wrapper fusion-column-has-shadow fusion-flex-justify-content-flex-start fusion-content-layout-column\"><div class=\"fusion-image-element \" style=\"--awb-caption-title-font-family:var(--h2_typography-font-family);--awb-caption-title-font-weight:var(--h2_typography-font-weight);--awb-caption-title-font-style:var(--h2_typography-font-style);--awb-caption-title-size:var(--h2_typography-font-size);--awb-caption-title-transform:var(--h2_typography-text-transform);--awb-caption-title-line-height:var(--h2_typography-line-height);--awb-caption-title-letter-spacing:var(--h2_typography-letter-spacing);\"><span class=\" fusion-imageframe imageframe-none imageframe-2 hover-type-none\"><img decoding=\"async\" width=\"300\" height=\"169\" alt=\"Illuminazione architettonica: progettare il comfort visivo tra normativa e benessere\" title=\"dialux evo\" src=\"https:\/\/blog.dltformazione.it\/wp-content\/uploads\/2025\/08\/dialux-3.jpg\" data-orig-src=\"https:\/\/blog.dltformazione.it\/wp-content\/uploads\/2025\/08\/dialux-3-300x169.jpg\" class=\"lazyload img-responsive wp-image-2161\" srcset=\"data:image\/svg+xml,%3Csvg%20xmlns%3D%27http%3A%2F%2Fwww.w3.org%2F2000%2Fsvg%27%20width%3D%271600%27%20height%3D%27900%27%20viewBox%3D%270%200%201600%20900%27%3E%3Crect%20width%3D%271600%27%20height%3D%27900%27%20fill-opacity%3D%220%22%2F%3E%3C%2Fsvg%3E\" data-srcset=\"https:\/\/blog.dltformazione.it\/wp-content\/uploads\/2025\/08\/dialux-3-200x113.jpg 200w, https:\/\/blog.dltformazione.it\/wp-content\/uploads\/2025\/08\/dialux-3-400x225.jpg 400w, https:\/\/blog.dltformazione.it\/wp-content\/uploads\/2025\/08\/dialux-3-600x338.jpg 600w, https:\/\/blog.dltformazione.it\/wp-content\/uploads\/2025\/08\/dialux-3-800x450.jpg 800w, https:\/\/blog.dltformazione.it\/wp-content\/uploads\/2025\/08\/dialux-3-1200x675.jpg 1200w, https:\/\/blog.dltformazione.it\/wp-content\/uploads\/2025\/08\/dialux-3.jpg 1600w\" data-sizes=\"auto\" data-orig-sizes=\"(max-width: 800px) 100vw, 600px\" \/><\/span><\/div><\/div><\/div><div class=\"fusion-layout-column fusion_builder_column_inner fusion-builder-nested-column-3 fusion_builder_column_inner_1_2 1_2 fusion-flex-column\" style=\"--awb-bg-size:cover;--awb-width-large:50%;--awb-margin-top-large:0px;--awb-spacing-right-large:4.75%;--awb-margin-bottom-large:0px;--awb-spacing-left-large:4.75%;--awb-width-medium:50%;--awb-order-medium:0;--awb-spacing-right-medium:4.75%;--awb-spacing-left-medium:4.75%;--awb-width-small:100%;--awb-order-small:0;--awb-spacing-right-small:2.375%;--awb-spacing-left-small:2.375%;\"><div class=\"fusion-column-wrapper fusion-column-has-shadow fusion-flex-justify-content-flex-start fusion-content-layout-column\"><div class=\"fusion-text fusion-text-8\"><p class=\"whitespace-normal break-words\">La complessit\u00e0 della progettazione illuminotecnica moderna richiede l&#8217;utilizzo di software specializzati per simulazioni accurate e calcoli fotometrici. <a href=\"https:\/\/www.dialux.com\/it-IT\/dialux\">DIALux EVO<\/a> rappresenta lo standard de facto per professionisti, offrendo modellazione 3D, calcoli illuminotecnici conformi alle normative e rendering fotorealistici.<\/p>\n<\/div><\/div><\/div><\/div><div class=\"fusion-text fusion-text-9\"><p class=\"whitespace-normal break-words\">Altri software come Relux, AGi32 e LITEPRO forniscono funzionalit\u00e0 avanzate per progetti complessi, permettendo simulazioni dinamiche, analisi di abbagliamento e ottimizzazione energetica. L&#8217;investimento in formazione su questi strumenti \u00e8 essenziale per mantenere competitivit\u00e0 professionale e garantire progetti di qualit\u00e0.<\/p>\n<p class=\"whitespace-normal break-words\">La simulazione virtuale permette di verificare il rispetto delle normative, ottimizzare la disposizione degli apparecchi e presentare ai clienti visualizzazioni realistiche del risultato finale, riducendo errori e modifiche in fase di cantiere.<\/p>\n<\/div><div class=\"fusion-title title fusion-title-7 fusion-sep-none fusion-title-text fusion-title-size-four\" style=\"--awb-margin-top:20px;--awb-margin-top-small:30px;--awb-margin-right-small:0px;--awb-margin-bottom-small:10px;--awb-margin-left-small:0px;\"><h4 class=\"fusion-title-heading title-heading-left\" style=\"margin:0;\">Prospettive future e opportunit\u00e0 professionali<\/h4><\/div><div class=\"fusion-text fusion-text-10\"><p class=\"whitespace-normal break-words\">La crescente sensibilit\u00e0 verso il benessere ambientale e l&#8217;efficienza energetica sta creando nuove opportunit\u00e0 per professionisti specializzati in progettazione illuminotecnica. La richiesta di consulenze per certificazioni <a href=\"https:\/\/breeam.com\/\">BREEAM<\/a>, <a href=\"https:\/\/gbcitalia.org\/certificazione\/leed\/\">LEED<\/a> e protocolli di sostenibilit\u00e0 \u00e8 in costante crescita.<\/p>\n<p class=\"whitespace-normal break-words\">L&#8217;integrazione con tecnologie IoT e intelligenza artificiale aprir\u00e0 scenari innovativi nei prossimi anni, con sistemi in grado di apprendere le abitudini degli utenti e ottimizzare automaticamente l&#8217;illuminazione per massimizzare comfort ed efficienza.<\/p>\n<p class=\"whitespace-normal break-words\">L&#8217;illuminazione architettonica sta evolvendo da aspetto tecnico complementare a elemento progettuale centrale, richiedendo competenze sempre pi\u00f9 specialistiche e rappresentando un&#8217;area di differenziazione competitiva significativa per gli studi di progettazione.<\/p>\n<hr \/>\n<p class=\"whitespace-normal break-words\"><em>Approfondisci le tue competenze in progettazione illuminotecnica con i corsi di <a href=\"https:\/\/dltformazione.it\/corso-di-illuminotecnica-base-elearning\/\">illuminotecnica base<\/a> e <a href=\"https:\/\/dltformazione.it\/corso-dialux-evo-il-software-per-la-progettazione-illuminotecnica\/\">Dialux evo<\/a> di DLT Formazione.\u00a0<\/em><\/p>\n<\/div><\/div><\/div><\/div><\/div>\n","protected":false},"excerpt":{"rendered":"<p>Elementum nulla turpis cursus. Integer liberos kusto euismod aene pretium faucibus &#8230;<\/p>\n","protected":false},"author":1,"featured_media":2170,"comment_status":"open","ping_status":"open","sticky":false,"template":"","format":"standard","meta":{"_acf_changed":false,"footnotes":""},"categories":[8],"tags":[74,73,70],"class_list":["post-2152","post","type-post","status-publish","format-standard","has-post-thumbnail","hentry","category-progettazione","tag-dialux","tag-illuminotecnica","tag-progettazione"],"acf":[],"yoast_head":"<!-- This site is optimized with the Yoast SEO plugin v27.4 - https:\/\/yoast.com\/product\/yoast-seo-wordpress\/ -->\n<title>Illuminazione architettonica: progettare il comfort visivo tra normativa e benessere - DLT Formazione Blog<\/title>\n<meta name=\"description\" content=\"Illuminazione architettonica: progettare il comfort visivo tra normativa e benessere. La progettazione illuminotecnica di spazi.\" \/>\n<meta name=\"robots\" content=\"index, follow, max-snippet:-1, max-image-preview:large, max-video-preview:-1\" \/>\n<link rel=\"canonical\" href=\"https:\/\/blog.dltformazione.it\/index.php\/2025\/08\/19\/illuminazione-architettonica-progettare-il-comfort-visivo-tra-normativa-e-benessere\/\" \/>\n<meta property=\"og:locale\" content=\"it_IT\" \/>\n<meta property=\"og:type\" content=\"article\" \/>\n<meta property=\"og:title\" content=\"Illuminazione architettonica: progettare il comfort visivo tra normativa e benessere - DLT Formazione Blog\" \/>\n<meta property=\"og:description\" content=\"Illuminazione architettonica: progettare il comfort visivo tra normativa e benessere. La progettazione illuminotecnica di spazi.\" \/>\n<meta property=\"og:url\" content=\"https:\/\/blog.dltformazione.it\/index.php\/2025\/08\/19\/illuminazione-architettonica-progettare-il-comfort-visivo-tra-normativa-e-benessere\/\" \/>\n<meta property=\"og:site_name\" content=\"DLT Formazione Blog\" \/>\n<meta property=\"article:publisher\" content=\"https:\/\/www.facebook.com\/dltformazione\/\" \/>\n<meta property=\"article:published_time\" content=\"2025-08-19T08:28:40+00:00\" \/>\n<meta property=\"article:modified_time\" content=\"2025-08-20T07:23:49+00:00\" \/>\n<meta property=\"og:image\" content=\"https:\/\/blog.dltformazione.it\/wp-content\/uploads\/2025\/08\/illuminotecnica2-e1755594038425-1024x671.jpg\" \/>\n\t<meta property=\"og:image:width\" content=\"1024\" \/>\n\t<meta property=\"og:image:height\" content=\"671\" \/>\n\t<meta property=\"og:image:type\" content=\"image\/jpeg\" \/>\n<meta name=\"author\" content=\"dltformazione\" \/>\n<meta name=\"twitter:card\" content=\"summary_large_image\" \/>\n<meta name=\"twitter:label1\" content=\"Scritto da\" \/>\n\t<meta name=\"twitter:data1\" content=\"dltformazione\" \/>\n\t<meta name=\"twitter:label2\" content=\"Tempo di lettura stimato\" \/>\n\t<meta name=\"twitter:data2\" content=\"6 minuti\" \/>\n<script type=\"application\/ld+json\" class=\"yoast-schema-graph\">{\"@context\":\"https:\\\/\\\/schema.org\",\"@graph\":[{\"@type\":\"Article\",\"@id\":\"https:\\\/\\\/blog.dltformazione.it\\\/index.php\\\/2025\\\/08\\\/19\\\/illuminazione-architettonica-progettare-il-comfort-visivo-tra-normativa-e-benessere\\\/#article\",\"isPartOf\":{\"@id\":\"https:\\\/\\\/blog.dltformazione.it\\\/index.php\\\/2025\\\/08\\\/19\\\/illuminazione-architettonica-progettare-il-comfort-visivo-tra-normativa-e-benessere\\\/\"},\"author\":{\"name\":\"dltformazione\",\"@id\":\"https:\\\/\\\/blog.dltformazione.it\\\/#\\\/schema\\\/person\\\/5800b6b71dd6c7c332e7dd27fb6cbad4\"},\"headline\":\"Illuminazione architettonica: progettare il comfort visivo tra normativa e benessere\",\"datePublished\":\"2025-08-19T08:28:40+00:00\",\"dateModified\":\"2025-08-20T07:23:49+00:00\",\"mainEntityOfPage\":{\"@id\":\"https:\\\/\\\/blog.dltformazione.it\\\/index.php\\\/2025\\\/08\\\/19\\\/illuminazione-architettonica-progettare-il-comfort-visivo-tra-normativa-e-benessere\\\/\"},\"wordCount\":6492,\"commentCount\":0,\"publisher\":{\"@id\":\"https:\\\/\\\/blog.dltformazione.it\\\/#organization\"},\"image\":{\"@id\":\"https:\\\/\\\/blog.dltformazione.it\\\/index.php\\\/2025\\\/08\\\/19\\\/illuminazione-architettonica-progettare-il-comfort-visivo-tra-normativa-e-benessere\\\/#primaryimage\"},\"thumbnailUrl\":\"https:\\\/\\\/blog.dltformazione.it\\\/wp-content\\\/uploads\\\/2025\\\/08\\\/illuminotecnica2-e1755594038425.jpg\",\"keywords\":[\"dialux\",\"illuminotecnica\",\"progettazione\"],\"articleSection\":[\"Progettazione\"],\"inLanguage\":\"it-IT\",\"potentialAction\":[{\"@type\":\"CommentAction\",\"name\":\"Comment\",\"target\":[\"https:\\\/\\\/blog.dltformazione.it\\\/index.php\\\/2025\\\/08\\\/19\\\/illuminazione-architettonica-progettare-il-comfort-visivo-tra-normativa-e-benessere\\\/#respond\"]}]},{\"@type\":\"WebPage\",\"@id\":\"https:\\\/\\\/blog.dltformazione.it\\\/index.php\\\/2025\\\/08\\\/19\\\/illuminazione-architettonica-progettare-il-comfort-visivo-tra-normativa-e-benessere\\\/\",\"url\":\"https:\\\/\\\/blog.dltformazione.it\\\/index.php\\\/2025\\\/08\\\/19\\\/illuminazione-architettonica-progettare-il-comfort-visivo-tra-normativa-e-benessere\\\/\",\"name\":\"Illuminazione architettonica: progettare il comfort visivo tra normativa e benessere - DLT Formazione Blog\",\"isPartOf\":{\"@id\":\"https:\\\/\\\/blog.dltformazione.it\\\/#website\"},\"primaryImageOfPage\":{\"@id\":\"https:\\\/\\\/blog.dltformazione.it\\\/index.php\\\/2025\\\/08\\\/19\\\/illuminazione-architettonica-progettare-il-comfort-visivo-tra-normativa-e-benessere\\\/#primaryimage\"},\"image\":{\"@id\":\"https:\\\/\\\/blog.dltformazione.it\\\/index.php\\\/2025\\\/08\\\/19\\\/illuminazione-architettonica-progettare-il-comfort-visivo-tra-normativa-e-benessere\\\/#primaryimage\"},\"thumbnailUrl\":\"https:\\\/\\\/blog.dltformazione.it\\\/wp-content\\\/uploads\\\/2025\\\/08\\\/illuminotecnica2-e1755594038425.jpg\",\"datePublished\":\"2025-08-19T08:28:40+00:00\",\"dateModified\":\"2025-08-20T07:23:49+00:00\",\"description\":\"Illuminazione architettonica: progettare il comfort visivo tra normativa e benessere. La progettazione illuminotecnica di spazi.\",\"breadcrumb\":{\"@id\":\"https:\\\/\\\/blog.dltformazione.it\\\/index.php\\\/2025\\\/08\\\/19\\\/illuminazione-architettonica-progettare-il-comfort-visivo-tra-normativa-e-benessere\\\/#breadcrumb\"},\"inLanguage\":\"it-IT\",\"potentialAction\":[{\"@type\":\"ReadAction\",\"target\":[\"https:\\\/\\\/blog.dltformazione.it\\\/index.php\\\/2025\\\/08\\\/19\\\/illuminazione-architettonica-progettare-il-comfort-visivo-tra-normativa-e-benessere\\\/\"]}]},{\"@type\":\"ImageObject\",\"inLanguage\":\"it-IT\",\"@id\":\"https:\\\/\\\/blog.dltformazione.it\\\/index.php\\\/2025\\\/08\\\/19\\\/illuminazione-architettonica-progettare-il-comfort-visivo-tra-normativa-e-benessere\\\/#primaryimage\",\"url\":\"https:\\\/\\\/blog.dltformazione.it\\\/wp-content\\\/uploads\\\/2025\\\/08\\\/illuminotecnica2-e1755594038425.jpg\",\"contentUrl\":\"https:\\\/\\\/blog.dltformazione.it\\\/wp-content\\\/uploads\\\/2025\\\/08\\\/illuminotecnica2-e1755594038425.jpg\",\"width\":8032,\"height\":5260,\"caption\":\"Illuminazione architettonica: progettare il comfort visivo tra normativa e benessere\"},{\"@type\":\"BreadcrumbList\",\"@id\":\"https:\\\/\\\/blog.dltformazione.it\\\/index.php\\\/2025\\\/08\\\/19\\\/illuminazione-architettonica-progettare-il-comfort-visivo-tra-normativa-e-benessere\\\/#breadcrumb\",\"itemListElement\":[{\"@type\":\"ListItem\",\"position\":1,\"name\":\"Home\",\"item\":\"https:\\\/\\\/blog.dltformazione.it\\\/\"},{\"@type\":\"ListItem\",\"position\":2,\"name\":\"Illuminazione architettonica: progettare il comfort visivo tra normativa e benessere\"}]},{\"@type\":\"WebSite\",\"@id\":\"https:\\\/\\\/blog.dltformazione.it\\\/#website\",\"url\":\"https:\\\/\\\/blog.dltformazione.it\\\/\",\"name\":\"DLT Formazione Blog\",\"description\":\"Dove i professionisti si informano e si formano\",\"publisher\":{\"@id\":\"https:\\\/\\\/blog.dltformazione.it\\\/#organization\"},\"potentialAction\":[{\"@type\":\"SearchAction\",\"target\":{\"@type\":\"EntryPoint\",\"urlTemplate\":\"https:\\\/\\\/blog.dltformazione.it\\\/?s={search_term_string}\"},\"query-input\":{\"@type\":\"PropertyValueSpecification\",\"valueRequired\":true,\"valueName\":\"search_term_string\"}}],\"inLanguage\":\"it-IT\"},{\"@type\":\"Organization\",\"@id\":\"https:\\\/\\\/blog.dltformazione.it\\\/#organization\",\"name\":\"DLT Formazione Blog\",\"url\":\"https:\\\/\\\/blog.dltformazione.it\\\/\",\"logo\":{\"@type\":\"ImageObject\",\"inLanguage\":\"it-IT\",\"@id\":\"https:\\\/\\\/blog.dltformazione.it\\\/#\\\/schema\\\/logo\\\/image\\\/\",\"url\":\"https:\\\/\\\/blog.dltformazione.it\\\/wp-content\\\/uploads\\\/2025\\\/08\\\/dlt_logo.jpg\",\"contentUrl\":\"https:\\\/\\\/blog.dltformazione.it\\\/wp-content\\\/uploads\\\/2025\\\/08\\\/dlt_logo.jpg\",\"width\":1002,\"height\":1000,\"caption\":\"DLT Formazione Blog\"},\"image\":{\"@id\":\"https:\\\/\\\/blog.dltformazione.it\\\/#\\\/schema\\\/logo\\\/image\\\/\"},\"sameAs\":[\"https:\\\/\\\/www.facebook.com\\\/dltformazione\\\/\",\"https:\\\/\\\/www.instagram.com\\\/dltformazionecorsi\\\/\"]},{\"@type\":\"Person\",\"@id\":\"https:\\\/\\\/blog.dltformazione.it\\\/#\\\/schema\\\/person\\\/5800b6b71dd6c7c332e7dd27fb6cbad4\",\"name\":\"dltformazione\",\"image\":{\"@type\":\"ImageObject\",\"inLanguage\":\"it-IT\",\"@id\":\"https:\\\/\\\/secure.gravatar.com\\\/avatar\\\/5adbb8d66fe37af5a248e54596f7865361352912154a2bf3ccf19aa23ae83bda?s=96&d=mm&r=g\",\"url\":\"https:\\\/\\\/secure.gravatar.com\\\/avatar\\\/5adbb8d66fe37af5a248e54596f7865361352912154a2bf3ccf19aa23ae83bda?s=96&d=mm&r=g\",\"contentUrl\":\"https:\\\/\\\/secure.gravatar.com\\\/avatar\\\/5adbb8d66fe37af5a248e54596f7865361352912154a2bf3ccf19aa23ae83bda?s=96&d=mm&r=g\",\"caption\":\"dltformazione\"},\"sameAs\":[\"https:\\\/\\\/blog.dltformazione.it\\\/\"],\"url\":\"https:\\\/\\\/blog.dltformazione.it\\\/index.php\\\/author\\\/dltformazione\\\/\"}]}<\/script>\n<!-- \/ Yoast SEO plugin. -->","yoast_head_json":{"title":"Illuminazione architettonica: progettare il comfort visivo tra normativa e benessere - DLT Formazione Blog","description":"Illuminazione architettonica: progettare il comfort visivo tra normativa e benessere. La progettazione illuminotecnica di spazi.","robots":{"index":"index","follow":"follow","max-snippet":"max-snippet:-1","max-image-preview":"max-image-preview:large","max-video-preview":"max-video-preview:-1"},"canonical":"https:\/\/blog.dltformazione.it\/index.php\/2025\/08\/19\/illuminazione-architettonica-progettare-il-comfort-visivo-tra-normativa-e-benessere\/","og_locale":"it_IT","og_type":"article","og_title":"Illuminazione architettonica: progettare il comfort visivo tra normativa e benessere - DLT Formazione Blog","og_description":"Illuminazione architettonica: progettare il comfort visivo tra normativa e benessere. La progettazione illuminotecnica di spazi.","og_url":"https:\/\/blog.dltformazione.it\/index.php\/2025\/08\/19\/illuminazione-architettonica-progettare-il-comfort-visivo-tra-normativa-e-benessere\/","og_site_name":"DLT Formazione Blog","article_publisher":"https:\/\/www.facebook.com\/dltformazione\/","article_published_time":"2025-08-19T08:28:40+00:00","article_modified_time":"2025-08-20T07:23:49+00:00","og_image":[{"width":1024,"height":671,"url":"https:\/\/blog.dltformazione.it\/wp-content\/uploads\/2025\/08\/illuminotecnica2-e1755594038425-1024x671.jpg","type":"image\/jpeg"}],"author":"dltformazione","twitter_card":"summary_large_image","twitter_misc":{"Scritto da":"dltformazione","Tempo di lettura stimato":"6 minuti"},"schema":{"@context":"https:\/\/schema.org","@graph":[{"@type":"Article","@id":"https:\/\/blog.dltformazione.it\/index.php\/2025\/08\/19\/illuminazione-architettonica-progettare-il-comfort-visivo-tra-normativa-e-benessere\/#article","isPartOf":{"@id":"https:\/\/blog.dltformazione.it\/index.php\/2025\/08\/19\/illuminazione-architettonica-progettare-il-comfort-visivo-tra-normativa-e-benessere\/"},"author":{"name":"dltformazione","@id":"https:\/\/blog.dltformazione.it\/#\/schema\/person\/5800b6b71dd6c7c332e7dd27fb6cbad4"},"headline":"Illuminazione architettonica: progettare il comfort visivo tra normativa e benessere","datePublished":"2025-08-19T08:28:40+00:00","dateModified":"2025-08-20T07:23:49+00:00","mainEntityOfPage":{"@id":"https:\/\/blog.dltformazione.it\/index.php\/2025\/08\/19\/illuminazione-architettonica-progettare-il-comfort-visivo-tra-normativa-e-benessere\/"},"wordCount":6492,"commentCount":0,"publisher":{"@id":"https:\/\/blog.dltformazione.it\/#organization"},"image":{"@id":"https:\/\/blog.dltformazione.it\/index.php\/2025\/08\/19\/illuminazione-architettonica-progettare-il-comfort-visivo-tra-normativa-e-benessere\/#primaryimage"},"thumbnailUrl":"https:\/\/blog.dltformazione.it\/wp-content\/uploads\/2025\/08\/illuminotecnica2-e1755594038425.jpg","keywords":["dialux","illuminotecnica","progettazione"],"articleSection":["Progettazione"],"inLanguage":"it-IT","potentialAction":[{"@type":"CommentAction","name":"Comment","target":["https:\/\/blog.dltformazione.it\/index.php\/2025\/08\/19\/illuminazione-architettonica-progettare-il-comfort-visivo-tra-normativa-e-benessere\/#respond"]}]},{"@type":"WebPage","@id":"https:\/\/blog.dltformazione.it\/index.php\/2025\/08\/19\/illuminazione-architettonica-progettare-il-comfort-visivo-tra-normativa-e-benessere\/","url":"https:\/\/blog.dltformazione.it\/index.php\/2025\/08\/19\/illuminazione-architettonica-progettare-il-comfort-visivo-tra-normativa-e-benessere\/","name":"Illuminazione architettonica: progettare il comfort visivo tra normativa e benessere - DLT Formazione Blog","isPartOf":{"@id":"https:\/\/blog.dltformazione.it\/#website"},"primaryImageOfPage":{"@id":"https:\/\/blog.dltformazione.it\/index.php\/2025\/08\/19\/illuminazione-architettonica-progettare-il-comfort-visivo-tra-normativa-e-benessere\/#primaryimage"},"image":{"@id":"https:\/\/blog.dltformazione.it\/index.php\/2025\/08\/19\/illuminazione-architettonica-progettare-il-comfort-visivo-tra-normativa-e-benessere\/#primaryimage"},"thumbnailUrl":"https:\/\/blog.dltformazione.it\/wp-content\/uploads\/2025\/08\/illuminotecnica2-e1755594038425.jpg","datePublished":"2025-08-19T08:28:40+00:00","dateModified":"2025-08-20T07:23:49+00:00","description":"Illuminazione architettonica: progettare il comfort visivo tra normativa e benessere. La progettazione illuminotecnica di spazi.","breadcrumb":{"@id":"https:\/\/blog.dltformazione.it\/index.php\/2025\/08\/19\/illuminazione-architettonica-progettare-il-comfort-visivo-tra-normativa-e-benessere\/#breadcrumb"},"inLanguage":"it-IT","potentialAction":[{"@type":"ReadAction","target":["https:\/\/blog.dltformazione.it\/index.php\/2025\/08\/19\/illuminazione-architettonica-progettare-il-comfort-visivo-tra-normativa-e-benessere\/"]}]},{"@type":"ImageObject","inLanguage":"it-IT","@id":"https:\/\/blog.dltformazione.it\/index.php\/2025\/08\/19\/illuminazione-architettonica-progettare-il-comfort-visivo-tra-normativa-e-benessere\/#primaryimage","url":"https:\/\/blog.dltformazione.it\/wp-content\/uploads\/2025\/08\/illuminotecnica2-e1755594038425.jpg","contentUrl":"https:\/\/blog.dltformazione.it\/wp-content\/uploads\/2025\/08\/illuminotecnica2-e1755594038425.jpg","width":8032,"height":5260,"caption":"Illuminazione architettonica: progettare il comfort visivo tra normativa e benessere"},{"@type":"BreadcrumbList","@id":"https:\/\/blog.dltformazione.it\/index.php\/2025\/08\/19\/illuminazione-architettonica-progettare-il-comfort-visivo-tra-normativa-e-benessere\/#breadcrumb","itemListElement":[{"@type":"ListItem","position":1,"name":"Home","item":"https:\/\/blog.dltformazione.it\/"},{"@type":"ListItem","position":2,"name":"Illuminazione architettonica: progettare il comfort visivo tra normativa e benessere"}]},{"@type":"WebSite","@id":"https:\/\/blog.dltformazione.it\/#website","url":"https:\/\/blog.dltformazione.it\/","name":"DLT Formazione Blog","description":"Dove i professionisti si informano e si formano","publisher":{"@id":"https:\/\/blog.dltformazione.it\/#organization"},"potentialAction":[{"@type":"SearchAction","target":{"@type":"EntryPoint","urlTemplate":"https:\/\/blog.dltformazione.it\/?s={search_term_string}"},"query-input":{"@type":"PropertyValueSpecification","valueRequired":true,"valueName":"search_term_string"}}],"inLanguage":"it-IT"},{"@type":"Organization","@id":"https:\/\/blog.dltformazione.it\/#organization","name":"DLT Formazione Blog","url":"https:\/\/blog.dltformazione.it\/","logo":{"@type":"ImageObject","inLanguage":"it-IT","@id":"https:\/\/blog.dltformazione.it\/#\/schema\/logo\/image\/","url":"https:\/\/blog.dltformazione.it\/wp-content\/uploads\/2025\/08\/dlt_logo.jpg","contentUrl":"https:\/\/blog.dltformazione.it\/wp-content\/uploads\/2025\/08\/dlt_logo.jpg","width":1002,"height":1000,"caption":"DLT Formazione Blog"},"image":{"@id":"https:\/\/blog.dltformazione.it\/#\/schema\/logo\/image\/"},"sameAs":["https:\/\/www.facebook.com\/dltformazione\/","https:\/\/www.instagram.com\/dltformazionecorsi\/"]},{"@type":"Person","@id":"https:\/\/blog.dltformazione.it\/#\/schema\/person\/5800b6b71dd6c7c332e7dd27fb6cbad4","name":"dltformazione","image":{"@type":"ImageObject","inLanguage":"it-IT","@id":"https:\/\/secure.gravatar.com\/avatar\/5adbb8d66fe37af5a248e54596f7865361352912154a2bf3ccf19aa23ae83bda?s=96&d=mm&r=g","url":"https:\/\/secure.gravatar.com\/avatar\/5adbb8d66fe37af5a248e54596f7865361352912154a2bf3ccf19aa23ae83bda?s=96&d=mm&r=g","contentUrl":"https:\/\/secure.gravatar.com\/avatar\/5adbb8d66fe37af5a248e54596f7865361352912154a2bf3ccf19aa23ae83bda?s=96&d=mm&r=g","caption":"dltformazione"},"sameAs":["https:\/\/blog.dltformazione.it\/"],"url":"https:\/\/blog.dltformazione.it\/index.php\/author\/dltformazione\/"}]}},"_links":{"self":[{"href":"https:\/\/blog.dltformazione.it\/index.php\/wp-json\/wp\/v2\/posts\/2152","targetHints":{"allow":["GET"]}}],"collection":[{"href":"https:\/\/blog.dltformazione.it\/index.php\/wp-json\/wp\/v2\/posts"}],"about":[{"href":"https:\/\/blog.dltformazione.it\/index.php\/wp-json\/wp\/v2\/types\/post"}],"author":[{"embeddable":true,"href":"https:\/\/blog.dltformazione.it\/index.php\/wp-json\/wp\/v2\/users\/1"}],"replies":[{"embeddable":true,"href":"https:\/\/blog.dltformazione.it\/index.php\/wp-json\/wp\/v2\/comments?post=2152"}],"version-history":[{"count":15,"href":"https:\/\/blog.dltformazione.it\/index.php\/wp-json\/wp\/v2\/posts\/2152\/revisions"}],"predecessor-version":[{"id":2189,"href":"https:\/\/blog.dltformazione.it\/index.php\/wp-json\/wp\/v2\/posts\/2152\/revisions\/2189"}],"wp:featuredmedia":[{"embeddable":true,"href":"https:\/\/blog.dltformazione.it\/index.php\/wp-json\/wp\/v2\/media\/2170"}],"wp:attachment":[{"href":"https:\/\/blog.dltformazione.it\/index.php\/wp-json\/wp\/v2\/media?parent=2152"}],"wp:term":[{"taxonomy":"category","embeddable":true,"href":"https:\/\/blog.dltformazione.it\/index.php\/wp-json\/wp\/v2\/categories?post=2152"},{"taxonomy":"post_tag","embeddable":true,"href":"https:\/\/blog.dltformazione.it\/index.php\/wp-json\/wp\/v2\/tags?post=2152"}],"curies":[{"name":"wp","href":"https:\/\/api.w.org\/{rel}","templated":true}]}}