{"id":2224,"date":"2025-08-22T18:08:14","date_gmt":"2025-08-22T18:08:14","guid":{"rendered":"https:\/\/blog.dltformazione.it\/?p=2224"},"modified":"2025-09-30T14:11:23","modified_gmt":"2025-09-30T14:11:23","slug":"interior-design-2025-sostenibilita-tecnologia-e-comfort-nella-casa-del-futuro","status":"publish","type":"post","link":"https:\/\/blog.dltformazione.it\/index.php\/2025\/08\/22\/interior-design-2025-sostenibilita-tecnologia-e-comfort-nella-casa-del-futuro\/","title":{"rendered":"Interior Design 2025: sostenibilit\u00e0, tecnologia e comfort nella casa del futuro"},"content":{"rendered":"<div class=\"fusion-fullwidth fullwidth-box fusion-builder-row-1 fusion-flex-container has-pattern-background has-mask-background nonhundred-percent-fullwidth non-hundred-percent-height-scrolling\" style=\"--awb-border-radius-top-left:0px;--awb-border-radius-top-right:0px;--awb-border-radius-bottom-right:0px;--awb-border-radius-bottom-left:0px;--awb-padding-top:0px;--awb-margin-top:0px;--awb-flex-wrap:wrap;\" ><div class=\"fusion-builder-row fusion-row fusion-flex-align-items-flex-start fusion-flex-content-wrap\" style=\"max-width:1302px;margin-left: calc(-5% \/ 2 );margin-right: calc(-5% \/ 2 );\"><div class=\"fusion-layout-column fusion_builder_column fusion-builder-column-0 fusion_builder_column_1_1 1_1 fusion-flex-column fusion-flex-align-self-flex-start\" style=\"--awb-bg-size:cover;--awb-width-large:100%;--awb-margin-top-large:0px;--awb-spacing-right-large:0px;--awb-margin-bottom-large:0px;--awb-spacing-left-large:0px;--awb-width-medium:100%;--awb-order-medium:0;--awb-spacing-right-medium:0px;--awb-spacing-left-medium:0px;--awb-width-small:100%;--awb-order-small:0;--awb-spacing-right-small:2.375%;--awb-spacing-left-small:2.375%;\" data-scroll-devices=\"small-visibility,medium-visibility,large-visibility\"><div class=\"fusion-column-wrapper fusion-column-has-shadow fusion-flex-justify-content-space-evenly fusion-content-layout-column\"><div class=\"fusion-text fusion-text-1\" style=\"--awb-content-alignment:left;\"><p style=\"text-align: justify;\">Il panorama dell&#8217;interior design nel 2025 sta attraversando una trasformazione profonda, guidata da tre pilastri fondamentali: sostenibilit\u00e0 ambientale, integrazione tecnologica intelligente e benessere abitativo. Per i professionisti del settore, questo significa ripensare completamente l&#8217;approccio progettuale, dove estetica e funzionalit\u00e0 si fondono con responsabilit\u00e0 ambientale e innovazione digitale.<\/p>\n<\/div><div class=\"fusion-title title fusion-title-1 fusion-sep-none fusion-title-text fusion-title-size-four\" style=\"--awb-margin-top:20px;--awb-margin-top-small:50px;--awb-margin-right-small:0px;--awb-margin-bottom-small:10px;--awb-margin-left-small:0px;\"><h4 class=\"fusion-title-heading title-heading-left\" style=\"margin:0;\">Il ritorno del calore: addio al minimalismo freddo<\/h4><\/div><div class=\"fusion-builder-row fusion-builder-row-inner fusion-row fusion-flex-align-items-flex-start fusion-flex-content-wrap\" style=\"--awb-flex-grow:0;--awb-flex-grow-medium:0;--awb-flex-grow-small:0;--awb-flex-shrink:0;--awb-flex-shrink-medium:0;--awb-flex-shrink-small:0;width:105% !important;max-width:105% !important;margin-left: calc(-5% \/ 2 );margin-right: calc(-5% \/ 2 );\"><div class=\"fusion-layout-column fusion_builder_column_inner fusion-builder-nested-column-0 fusion_builder_column_inner_1_2 1_2 fusion-flex-column\" style=\"--awb-bg-size:cover;--awb-width-large:50%;--awb-margin-top-large:0px;--awb-spacing-right-large:4.75%;--awb-margin-bottom-large:0px;--awb-spacing-left-large:4.75%;--awb-width-medium:50%;--awb-order-medium:0;--awb-spacing-right-medium:4.75%;--awb-spacing-left-medium:4.75%;--awb-width-small:100%;--awb-order-small:0;--awb-spacing-right-small:2.375%;--awb-spacing-left-small:2.375%;\" data-scroll-devices=\"small-visibility,medium-visibility,large-visibility\"><div class=\"fusion-column-wrapper fusion-column-has-shadow fusion-flex-justify-content-space-evenly fusion-content-layout-column\"><div class=\"fusion-image-element \" style=\"--awb-aspect-ratio:1 \/ 1;--awb-caption-title-font-family:var(--h2_typography-font-family);--awb-caption-title-font-weight:var(--h2_typography-font-weight);--awb-caption-title-font-style:var(--h2_typography-font-style);--awb-caption-title-size:var(--h2_typography-font-size);--awb-caption-title-transform:var(--h2_typography-text-transform);--awb-caption-title-line-height:var(--h2_typography-line-height);--awb-caption-title-letter-spacing:var(--h2_typography-letter-spacing);\"><span class=\" fusion-imageframe imageframe-none imageframe-1 hover-type-none has-aspect-ratio\"><img decoding=\"async\" width=\"300\" height=\"200\" title=\"caldo-freddo\" src=\"https:\/\/blog.dltformazione.it\/wp-content\/uploads\/2025\/08\/caldo-freddo.png\" data-orig-src=\"https:\/\/blog.dltformazione.it\/wp-content\/uploads\/2025\/08\/caldo-freddo-300x200.png\" class=\"lazyload img-responsive wp-image-2222 img-with-aspect-ratio\" data-parent-fit=\"cover\" data-parent-container=\".fusion-image-element\" alt srcset=\"data:image\/svg+xml,%3Csvg%20xmlns%3D%27http%3A%2F%2Fwww.w3.org%2F2000%2Fsvg%27%20width%3D%271536%27%20height%3D%271024%27%20viewBox%3D%270%200%201536%201024%27%3E%3Crect%20width%3D%271536%27%20height%3D%271024%27%20fill-opacity%3D%220%22%2F%3E%3C%2Fsvg%3E\" data-srcset=\"https:\/\/blog.dltformazione.it\/wp-content\/uploads\/2025\/08\/caldo-freddo-200x133.png 200w, https:\/\/blog.dltformazione.it\/wp-content\/uploads\/2025\/08\/caldo-freddo-400x267.png 400w, https:\/\/blog.dltformazione.it\/wp-content\/uploads\/2025\/08\/caldo-freddo-600x400.png 600w, https:\/\/blog.dltformazione.it\/wp-content\/uploads\/2025\/08\/caldo-freddo-800x533.png 800w, https:\/\/blog.dltformazione.it\/wp-content\/uploads\/2025\/08\/caldo-freddo-1200x800.png 1200w, https:\/\/blog.dltformazione.it\/wp-content\/uploads\/2025\/08\/caldo-freddo.png 1536w\" data-sizes=\"auto\" data-orig-sizes=\"(max-width: 800px) 100vw, 600px\" \/><\/span><\/div><\/div><\/div><div class=\"fusion-layout-column fusion_builder_column_inner fusion-builder-nested-column-1 fusion_builder_column_inner_1_2 1_2 fusion-flex-column\" style=\"--awb-bg-size:cover;--awb-width-large:50%;--awb-margin-top-large:0px;--awb-spacing-right-large:4.75%;--awb-margin-bottom-large:0px;--awb-spacing-left-large:4.75%;--awb-width-medium:50%;--awb-order-medium:0;--awb-spacing-right-medium:4.75%;--awb-spacing-left-medium:4.75%;--awb-width-small:100%;--awb-order-small:0;--awb-spacing-right-small:2.375%;--awb-spacing-left-small:2.375%;\" data-scroll-devices=\"small-visibility,medium-visibility,large-visibility\"><div class=\"fusion-column-wrapper fusion-column-has-shadow fusion-flex-justify-content-space-evenly fusion-content-layout-column\"><div class=\"fusion-text fusion-text-2\"><p style=\"text-align: justify;\">Il 2025 segna definitivamente la fine dell&#8217;era del minimalismo freddo caratterizzato da bianchi e grigi. I progettisti stanno abbracciando una palette di colori caldi che include off-white, crema, beige, tan e marroni, con l&#8217;obiettivo di creare ambienti che trasmettano calore e accoglienza.<\/p>\n<p style=\"text-align: justify;\">I colori gioiello profondi come verde bosco, marroni cioccolato e rossi cremisi stanno guadagnando terreno, utilizzati per creare ambienti immersivi attraverso la tecnica del &#8220;color-drenching&#8221;. Questa tendenza riflette un bisogno pi\u00f9 profondo di comfort e familiarit\u00e0, soprattutto in un&#8217;era segnata da cambiamenti rapidi e incertezze.<\/p>\n<\/div><\/div><\/div><\/div><div class=\"fusion-title title fusion-title-2 fusion-sep-none fusion-title-text fusion-title-size-four\" style=\"--awb-margin-top:20px;--awb-margin-top-small:50px;--awb-margin-right-small:0px;--awb-margin-bottom-small:10px;--awb-margin-left-small:0px;\"><h4 class=\"fusion-title-heading title-heading-left\" style=\"margin:0;\">Applicazioni pratiche per i professionisti<\/h4><\/div><div class=\"fusion-text fusion-text-3\"><p class=\"whitespace-normal break-words\" style=\"text-align: justify;\">L&#8217;implementazione di queste palette richiede competenze tecniche specifiche. Gli esperti consigliano di bilanciare i toni gioiello con accenti neutri e superfici riflettenti per evitare di sovraccaricare lo spazio. Per progetti residenziali, la strategia vincente consiste nel creare variazioni stagionali: toni profondi in estate e sfumature pi\u00f9 chiare in inverno.<\/p>\n<\/div><div class=\"fusion-title title fusion-title-3 fusion-sep-none fusion-title-text fusion-title-size-four\" style=\"--awb-margin-top:20px;--awb-margin-top-small:50px;--awb-margin-right-small:0px;--awb-margin-bottom-small:10px;--awb-margin-left-small:0px;\"><h4 class=\"fusion-title-heading title-heading-left\" style=\"margin:0;\">Materiali sostenibili: innovazione e responsabilit\u00e0<\/h4><\/div><div class=\"fusion-text fusion-text-4\"><p class=\"whitespace-normal break-words\" style=\"text-align: justify;\">La sostenibilit\u00e0 non \u00e8 pi\u00f9 una tendenza ma un principio fondamentale dell&#8217;industria, con i materiali eco-friendly che stanno diventando essenziali piuttosto che opzionali. Il sughero e il legno ingegnerizzato stanno emergendo come protagonisti, con il sughero che si rigenera ogni nove anni e il legno proveniente da foreste gestite responsabilmente.<\/p>\n<\/div><div class=\"fusion-title title fusion-title-4 fusion-sep-none fusion-title-text fusion-title-size-four\" style=\"--awb-margin-top:20px;--awb-margin-top-small:30px;--awb-margin-right-small:0px;--awb-margin-bottom-small:10px;--awb-margin-left-small:0px;\"><h4 class=\"fusion-title-heading title-heading-left\" style=\"margin:0;text-transform:none;\">Le innovazioni pi\u00f9 promettenti<\/h4><\/div><div class=\"fusion-text fusion-text-5\"><p class=\"whitespace-normal break-words\" style=\"text-align: justify;\">I materiali miceliali, derivati dai funghi, rappresentano l&#8217;argomento di discussione pi\u00f9 interessante, potendo essere modellati in praticamente qualsiasi forma, dai corpi illuminanti ai pannelli murali. Parallelamente, i bioplastici realizzati con alghe, amido di mais e scarti alimentari stanno rivoluzionando tutto, dagli oggetti decorativi ai componenti di mobili.<\/p>\n<p style=\"text-align: justify;\">L&#8217;industria sta enfatizzando materiali eco-friendly e innovativi come pietre naturali riciclate, resine a base d&#8217;acqua, vetro rigenerato e metalli riciclati. Per i professionisti, questo significa investire in fornitori certificati e sviluppare competenze nella valutazione del ciclo di vita dei materiali.<\/p>\n<\/div><div class=\"fusion-title title fusion-title-5 fusion-sep-none fusion-title-text fusion-title-size-four\" style=\"--awb-margin-top:20px;--awb-margin-top-small:30px;--awb-margin-right-small:0px;--awb-margin-bottom-small:10px;--awb-margin-left-small:0px;\"><h4 class=\"fusion-title-heading title-heading-left\" style=\"margin:0;\">Sistemi di illuminazione circadiani<\/h4><\/div><div class=\"fusion-builder-row fusion-builder-row-inner fusion-row fusion-flex-align-items-flex-start fusion-flex-content-wrap\" style=\"--awb-flex-grow:0;--awb-flex-grow-medium:0;--awb-flex-grow-small:0;--awb-flex-shrink:0;--awb-flex-shrink-medium:0;--awb-flex-shrink-small:0;width:105% !important;max-width:105% !important;margin-left: calc(-5% \/ 2 );margin-right: calc(-5% \/ 2 );\"><div class=\"fusion-layout-column fusion_builder_column_inner fusion-builder-nested-column-2 fusion_builder_column_inner_2_3 2_3 fusion-flex-column\" style=\"--awb-bg-size:cover;--awb-width-large:66.666666666667%;--awb-margin-top-large:0px;--awb-spacing-right-large:3.5625%;--awb-margin-bottom-large:0px;--awb-spacing-left-large:3.5625%;--awb-width-medium:66.666666666667%;--awb-order-medium:0;--awb-spacing-right-medium:3.5625%;--awb-spacing-left-medium:3.5625%;--awb-width-small:100%;--awb-order-small:0;--awb-spacing-right-small:2.375%;--awb-spacing-left-small:2.375%;\" data-scroll-devices=\"small-visibility,medium-visibility,large-visibility\"><div class=\"fusion-column-wrapper fusion-column-has-shadow fusion-flex-justify-content-space-evenly fusion-content-layout-column\"><div class=\"fusion-image-element \" style=\"--awb-caption-title-font-family:var(--h2_typography-font-family);--awb-caption-title-font-weight:var(--h2_typography-font-weight);--awb-caption-title-font-style:var(--h2_typography-font-style);--awb-caption-title-size:var(--h2_typography-font-size);--awb-caption-title-transform:var(--h2_typography-text-transform);--awb-caption-title-line-height:var(--h2_typography-line-height);--awb-caption-title-letter-spacing:var(--h2_typography-letter-spacing);\"><span class=\" fusion-imageframe imageframe-none imageframe-2 hover-type-none\"><img decoding=\"async\" width=\"1440\" height=\"960\" title=\"giardino verticale\" src=\"https:\/\/blog.dltformazione.it\/wp-content\/uploads\/2025\/08\/giardino-verticale.png\" data-orig-src=\"https:\/\/blog.dltformazione.it\/wp-content\/uploads\/2025\/08\/giardino-verticale.png\" alt class=\"lazyload img-responsive wp-image-2233\" srcset=\"data:image\/svg+xml,%3Csvg%20xmlns%3D%27http%3A%2F%2Fwww.w3.org%2F2000%2Fsvg%27%20width%3D%271440%27%20height%3D%27960%27%20viewBox%3D%270%200%201440%20960%27%3E%3Crect%20width%3D%271440%27%20height%3D%27960%27%20fill-opacity%3D%220%22%2F%3E%3C%2Fsvg%3E\" data-srcset=\"https:\/\/blog.dltformazione.it\/wp-content\/uploads\/2025\/08\/giardino-verticale-200x133.png 200w, https:\/\/blog.dltformazione.it\/wp-content\/uploads\/2025\/08\/giardino-verticale-400x267.png 400w, https:\/\/blog.dltformazione.it\/wp-content\/uploads\/2025\/08\/giardino-verticale-600x400.png 600w, https:\/\/blog.dltformazione.it\/wp-content\/uploads\/2025\/08\/giardino-verticale-800x533.png 800w, https:\/\/blog.dltformazione.it\/wp-content\/uploads\/2025\/08\/giardino-verticale-1200x800.png 1200w, https:\/\/blog.dltformazione.it\/wp-content\/uploads\/2025\/08\/giardino-verticale.png 1440w\" data-sizes=\"auto\" data-orig-sizes=\"(max-width: 800px) 100vw, 800px\" \/><\/span><\/div><\/div><\/div><div class=\"fusion-layout-column fusion_builder_column_inner fusion-builder-nested-column-3 fusion_builder_column_inner_1_3 1_3 fusion-flex-column\" style=\"--awb-bg-size:cover;--awb-width-large:33.333333333333%;--awb-margin-top-large:0px;--awb-spacing-right-large:7.125%;--awb-margin-bottom-large:0px;--awb-spacing-left-large:7.125%;--awb-width-medium:33.333333333333%;--awb-order-medium:0;--awb-spacing-right-medium:7.125%;--awb-spacing-left-medium:7.125%;--awb-width-small:100%;--awb-order-small:0;--awb-spacing-right-small:2.375%;--awb-spacing-left-small:2.375%;\" data-scroll-devices=\"small-visibility,medium-visibility,large-visibility\"><div class=\"fusion-column-wrapper fusion-column-has-shadow fusion-flex-justify-content-space-evenly fusion-content-layout-column\"><div class=\"fusion-text fusion-text-6\"><p style=\"text-align: justify;\">La biofilia, ovvero il desiderio innato dell&#8217;uomo di connettersi con la natura, viene integrata nei progetti architettonici che mirano a colmare il divario tra spazi urbani e ambiente naturale. Questa tendenza include l&#8217;incorporazione di giardini verticali, tetti verdi e cortili interni, oltre all&#8217;uso di materiali e colori naturali che evocano paesaggi organici.<\/p>\n<\/div><\/div><\/div><\/div><div class=\"fusion-title title fusion-title-6 fusion-sep-none fusion-title-text fusion-title-size-four\" style=\"--awb-margin-top:20px;--awb-margin-top-small:30px;--awb-margin-right-small:0px;--awb-margin-bottom-small:10px;--awb-margin-left-small:0px;\"><h4 class=\"fusion-title-heading title-heading-left\" style=\"margin:0;\">Tecnologie smart: integrazione invisibile<\/h4><\/div><div class=\"fusion-text fusion-text-7\"><p class=\"whitespace-normal break-words\" style=\"text-align: justify;\">Il mercato globale delle smart home \u00e8 proiettato a raggiungere 622,59 miliardi di dollari entro il 2026, riflettendo il nostro spostamento collettivo verso spazi abitativi intelligenti. Oggi la tecnologia smart non \u00e8 pi\u00f9 un lusso ma una pietra angolare del design d&#8217;interni.<\/p>\n<p class=\"whitespace-normal break-words\" style=\"text-align: justify;\">I dispositivi smart moderni sono progettati per scomparire nell&#8217;architettura, con termostati che diventano sculture murali, speaker che si mimetizzano come oggetti decorativi e sistemi di illuminazione che si trasformano in elementi architettonici.<\/p>\n<p class=\"whitespace-normal break-words\" style=\"text-align: justify;\">Le tecnologie AR\/VR si stanno combinando con gli spazi fisici: schermi virtuali proiettati su pareti vuote eliminano la necessit\u00e0 di monitor multipli, mentre gli overlay AR possono trasformare superfici semplici in gallerie d&#8217;arte o elementi funzionali.<\/p>\n<\/div><div class=\"fusion-text fusion-text-8\"><p class=\"whitespace-normal break-words\" style=\"text-align: justify;\">Il design biofilico combina le qualit\u00e0 sensoriali degli spazi con benefici ambientali, utilizzando materiali rinnovabili, biodegradabili e di provenienza etica. Gli elementi di design includono sistemi di acqua integrati nei mobili e caratteristiche di luce naturale che replicano i cambiamenti di temperatura del colore della luce diurna naturale durante la giornata.<\/p>\n<\/div><div class=\"fusion-title title fusion-title-7 fusion-sep-none fusion-title-text fusion-title-size-four\" style=\"--awb-margin-top:20px;--awb-margin-top-small:30px;--awb-margin-right-small:0px;--awb-margin-bottom-small:10px;--awb-margin-left-small:0px;\"><h4 class=\"fusion-title-heading title-heading-left\" style=\"margin:0;\">Superfici testurizzate: la quinta dimensione<\/h4><\/div><div class=\"fusion-builder-row fusion-builder-row-inner fusion-row fusion-flex-align-items-flex-start fusion-flex-content-wrap\" style=\"--awb-flex-grow:0;--awb-flex-grow-medium:0;--awb-flex-grow-small:0;--awb-flex-shrink:0;--awb-flex-shrink-medium:0;--awb-flex-shrink-small:0;width:105% !important;max-width:105% !important;margin-left: calc(-5% \/ 2 );margin-right: calc(-5% \/ 2 );\"><div class=\"fusion-layout-column fusion_builder_column_inner fusion-builder-nested-column-4 fusion_builder_column_inner_1_2 1_2 fusion-flex-column\" style=\"--awb-bg-size:cover;--awb-width-large:50%;--awb-margin-top-large:0px;--awb-spacing-right-large:4.75%;--awb-margin-bottom-large:0px;--awb-spacing-left-large:4.75%;--awb-width-medium:50%;--awb-order-medium:0;--awb-spacing-right-medium:4.75%;--awb-spacing-left-medium:4.75%;--awb-width-small:100%;--awb-order-small:0;--awb-spacing-right-small:2.375%;--awb-spacing-left-small:2.375%;\" data-scroll-devices=\"small-visibility,medium-visibility,large-visibility\"><div class=\"fusion-column-wrapper fusion-column-has-shadow fusion-flex-justify-content-space-evenly fusion-content-layout-column\"><div class=\"fusion-text fusion-text-9\"><p class=\"whitespace-normal break-words\" style=\"text-align: justify;\">Il 2025 \u00e8 tutto incentrato sulla texture, con soffitti tappezzati, pannellature in legno e finiture decorative in gesso che portano profondit\u00e0 e carattere in qualsiasi ambiente. Le superfici testurizzate stanno guadagnando terreno, aggiungendo interesse visivo e profondit\u00e0 agli interni, andando oltre i tradizionali trattamenti murali.<\/p>\n<\/div><\/div><\/div><div class=\"fusion-layout-column fusion_builder_column_inner fusion-builder-nested-column-5 fusion_builder_column_inner_1_2 1_2 fusion-flex-column\" style=\"--awb-bg-size:cover;--awb-width-large:50%;--awb-margin-top-large:0px;--awb-spacing-right-large:4.75%;--awb-margin-bottom-large:0px;--awb-spacing-left-large:4.75%;--awb-width-medium:50%;--awb-order-medium:0;--awb-spacing-right-medium:4.75%;--awb-spacing-left-medium:4.75%;--awb-width-small:100%;--awb-order-small:0;--awb-spacing-right-small:2.375%;--awb-spacing-left-small:2.375%;\" data-scroll-devices=\"small-visibility,medium-visibility,large-visibility\"><div class=\"fusion-column-wrapper fusion-column-has-shadow fusion-flex-justify-content-space-evenly fusion-content-layout-column\"><div class=\"fusion-image-element \" style=\"--awb-caption-title-font-family:var(--h2_typography-font-family);--awb-caption-title-font-weight:var(--h2_typography-font-weight);--awb-caption-title-font-style:var(--h2_typography-font-style);--awb-caption-title-size:var(--h2_typography-font-size);--awb-caption-title-transform:var(--h2_typography-text-transform);--awb-caption-title-line-height:var(--h2_typography-line-height);--awb-caption-title-letter-spacing:var(--h2_typography-letter-spacing);\"><span class=\" fusion-imageframe imageframe-none imageframe-3 hover-type-none\"><img decoding=\"async\" width=\"1440\" height=\"960\" title=\"dettagli\" src=\"https:\/\/blog.dltformazione.it\/wp-content\/uploads\/2025\/08\/dettagli.png\" data-orig-src=\"https:\/\/blog.dltformazione.it\/wp-content\/uploads\/2025\/08\/dettagli.png\" alt class=\"lazyload img-responsive wp-image-2239\" srcset=\"data:image\/svg+xml,%3Csvg%20xmlns%3D%27http%3A%2F%2Fwww.w3.org%2F2000%2Fsvg%27%20width%3D%271440%27%20height%3D%27960%27%20viewBox%3D%270%200%201440%20960%27%3E%3Crect%20width%3D%271440%27%20height%3D%27960%27%20fill-opacity%3D%220%22%2F%3E%3C%2Fsvg%3E\" data-srcset=\"https:\/\/blog.dltformazione.it\/wp-content\/uploads\/2025\/08\/dettagli-200x133.png 200w, https:\/\/blog.dltformazione.it\/wp-content\/uploads\/2025\/08\/dettagli-400x267.png 400w, https:\/\/blog.dltformazione.it\/wp-content\/uploads\/2025\/08\/dettagli-600x400.png 600w, https:\/\/blog.dltformazione.it\/wp-content\/uploads\/2025\/08\/dettagli-800x533.png 800w, https:\/\/blog.dltformazione.it\/wp-content\/uploads\/2025\/08\/dettagli-1200x800.png 1200w, https:\/\/blog.dltformazione.it\/wp-content\/uploads\/2025\/08\/dettagli.png 1440w\" data-sizes=\"auto\" data-orig-sizes=\"(max-width: 800px) 100vw, 600px\" \/><\/span><\/div><\/div><\/div><\/div><div class=\"fusion-text fusion-text-10\"><p class=\"whitespace-normal break-words\" style=\"text-align: justify;\">I dettagli del soffitto emergeranno come tendenza chiave, con proprietari di casa che abbracciano soffitti tappezzati che trasformano questo spazio in un punto focale accattivante. Materiali come intonaco veneziano e tadelakt marocchino, tradizionalmente popolari nei bagni, vengono ora utilizzati in spazi pi\u00f9 ampi in tutta la casa.<\/p>\n<\/div><div class=\"fusion-title title fusion-title-8 fusion-sep-none fusion-title-text fusion-title-size-four\" style=\"--awb-margin-top:20px;--awb-margin-top-small:30px;--awb-margin-right-small:0px;--awb-margin-bottom-small:10px;--awb-margin-left-small:0px;\"><h4 class=\"fusion-title-heading title-heading-left\" style=\"margin:0;\">Forme organiche e curve morbide<\/h4><\/div><div class=\"fusion-text fusion-text-11\"><p class=\"whitespace-normal break-words\" style=\"text-align: justify;\">I proprietari di casa stanno abbracciando curve, linee fluide e silhouette asimmetriche per enfatizzare il flusso, l&#8217;equilibrio e una connessione con la natura. Le forme organiche includono mobili arrotondati, tappeti dalle forme irregolari e illuminazione scultorea, estendendosi anche ai dettagli architettonici come arcate, finestre arrotondate e pareti curve.<\/p>\n<\/div><div class=\"fusion-title title fusion-title-9 fusion-sep-none fusion-title-text fusion-title-size-four\" style=\"--awb-margin-top:20px;--awb-margin-top-small:30px;--awb-margin-right-small:0px;--awb-margin-bottom-small:10px;--awb-margin-left-small:0px;\"><h4 class=\"fusion-title-heading title-heading-left\" style=\"margin:0;\">Spazi multifunzionali: l&#8217;evoluzione del lavoro domestico<\/h4><\/div><div class=\"fusion-text fusion-text-12\"><p class=\"whitespace-normal break-words\" style=\"text-align: justify;\">Gli uffici domestici non sono pi\u00f9 un ripensamento. Secondo le tendenze del design d&#8217;interni del 2025, gli spazi di lavoro dedicati saranno integrati nel design di ogni ambiente fin dall&#8217;inizio. Gli architetti stanno creando case con spazi flessibili che si trasformano da postazioni di lavoro produttive durante il giorno ad aree di relax la sera.<\/p>\n<h4 class=\"text-lg font-bold text-text-100 mt-1 -mb-1.5\" style=\"text-align: justify;\">Soluzioni tecniche innovative<\/h4>\n<p class=\"whitespace-normal break-words\" style=\"text-align: justify;\">Le soluzioni chiave includono pannelli acustici che scendono dai soffitti, vetri smart che si opacizzano con la pressione di un pulsante e divisori modulari che fungono anche da storage. L&#8217;utilizzo dello spazio verticale \u00e8 il nuovo focus, con storage montato a soffitto che si abbassa quando necessario, pareti con sistemi magnetici per storage regolabile e compartimenti sotto-pavimento accessibili tramite botole smart.<\/p>\n<\/div><div class=\"fusion-title title fusion-title-10 fusion-sep-none fusion-title-text fusion-title-size-four\" style=\"--awb-margin-top:20px;--awb-margin-top-small:30px;--awb-margin-right-small:0px;--awb-margin-bottom-small:10px;--awb-margin-left-small:0px;\"><h4 class=\"fusion-title-heading title-heading-left\" style=\"margin:0;\">Implicazioni economiche e opportunit\u00e0 professionali<\/h4><\/div><div class=\"fusion-builder-row fusion-builder-row-inner fusion-row fusion-flex-align-items-flex-start fusion-flex-content-wrap\" style=\"--awb-flex-grow:0;--awb-flex-grow-medium:0;--awb-flex-grow-small:0;--awb-flex-shrink:0;--awb-flex-shrink-medium:0;--awb-flex-shrink-small:0;width:105% !important;max-width:105% !important;margin-left: calc(-5% \/ 2 );margin-right: calc(-5% \/ 2 );\"><div class=\"fusion-layout-column fusion_builder_column_inner fusion-builder-nested-column-6 fusion_builder_column_inner_1_2 1_2 fusion-flex-column\" style=\"--awb-bg-size:cover;--awb-width-large:50%;--awb-margin-top-large:0px;--awb-spacing-right-large:4.75%;--awb-margin-bottom-large:0px;--awb-spacing-left-large:4.75%;--awb-width-medium:50%;--awb-order-medium:0;--awb-spacing-right-medium:4.75%;--awb-spacing-left-medium:4.75%;--awb-width-small:100%;--awb-order-small:0;--awb-spacing-right-small:2.375%;--awb-spacing-left-small:2.375%;\" data-scroll-devices=\"small-visibility,medium-visibility,large-visibility\"><div class=\"fusion-column-wrapper fusion-column-has-shadow fusion-flex-justify-content-space-evenly fusion-content-layout-column\"><div class=\"fusion-text fusion-text-13\"><p class=\"whitespace-normal break-words\" style=\"text-align: left;\">La formazione specialistica diventa cruciale. Le competenze richieste includono:<\/p>\n<ul class=\"&#091;&amp;:not(:last-child)_ul&#093;:pb-1 &#091;&amp;:not(:last-child)_ol&#093;:pb-1 list-disc space-y-1.5 pl-7\">\n<li class=\"whitespace-normal break-words\" style=\"text-align: left;\">Certificazioni per l&#8217;integrazione di tecnologie smart<\/li>\n<li class=\"whitespace-normal break-words\" style=\"text-align: left;\">Conoscenza approfondita di materiali sostenibili e loro ciclo di vita<\/li>\n<li class=\"whitespace-normal break-words\" style=\"text-align: left;\">Competenze in software di progettazione 3D e realt\u00e0 virtuale<\/li>\n<li class=\"whitespace-normal break-words\" style=\"text-align: left;\">Specializzazione in design biofilico e wellness abitativo<\/li>\n<\/ul>\n<\/div><\/div><\/div><div class=\"fusion-layout-column fusion_builder_column_inner fusion-builder-nested-column-7 fusion_builder_column_inner_1_2 1_2 fusion-flex-column\" style=\"--awb-bg-size:cover;--awb-width-large:50%;--awb-margin-top-large:0px;--awb-spacing-right-large:4.75%;--awb-margin-bottom-large:0px;--awb-spacing-left-large:4.75%;--awb-width-medium:50%;--awb-order-medium:0;--awb-spacing-right-medium:4.75%;--awb-spacing-left-medium:4.75%;--awb-width-small:100%;--awb-order-small:0;--awb-spacing-right-small:2.375%;--awb-spacing-left-small:2.375%;\" data-scroll-devices=\"small-visibility,medium-visibility,large-visibility\"><div class=\"fusion-column-wrapper fusion-column-has-shadow fusion-flex-justify-content-space-evenly fusion-content-layout-column\"><div class=\"fusion-image-element \" style=\"--awb-caption-title-font-family:var(--h2_typography-font-family);--awb-caption-title-font-weight:var(--h2_typography-font-weight);--awb-caption-title-font-style:var(--h2_typography-font-style);--awb-caption-title-size:var(--h2_typography-font-size);--awb-caption-title-transform:var(--h2_typography-text-transform);--awb-caption-title-line-height:var(--h2_typography-line-height);--awb-caption-title-letter-spacing:var(--h2_typography-letter-spacing);\"><span class=\" fusion-imageframe imageframe-none imageframe-4 hover-type-none\"><img decoding=\"async\" width=\"1440\" height=\"960\" title=\"studio tecnico2\" src=\"https:\/\/blog.dltformazione.it\/wp-content\/uploads\/2025\/08\/studio-tecnico2.png\" data-orig-src=\"https:\/\/blog.dltformazione.it\/wp-content\/uploads\/2025\/08\/studio-tecnico2.png\" alt class=\"lazyload img-responsive wp-image-2242\" srcset=\"data:image\/svg+xml,%3Csvg%20xmlns%3D%27http%3A%2F%2Fwww.w3.org%2F2000%2Fsvg%27%20width%3D%271440%27%20height%3D%27960%27%20viewBox%3D%270%200%201440%20960%27%3E%3Crect%20width%3D%271440%27%20height%3D%27960%27%20fill-opacity%3D%220%22%2F%3E%3C%2Fsvg%3E\" data-srcset=\"https:\/\/blog.dltformazione.it\/wp-content\/uploads\/2025\/08\/studio-tecnico2-200x133.png 200w, https:\/\/blog.dltformazione.it\/wp-content\/uploads\/2025\/08\/studio-tecnico2-400x267.png 400w, https:\/\/blog.dltformazione.it\/wp-content\/uploads\/2025\/08\/studio-tecnico2-600x400.png 600w, https:\/\/blog.dltformazione.it\/wp-content\/uploads\/2025\/08\/studio-tecnico2-800x533.png 800w, https:\/\/blog.dltformazione.it\/wp-content\/uploads\/2025\/08\/studio-tecnico2-1200x800.png 1200w, https:\/\/blog.dltformazione.it\/wp-content\/uploads\/2025\/08\/studio-tecnico2.png 1440w\" data-sizes=\"auto\" data-orig-sizes=\"(max-width: 800px) 100vw, 600px\" \/><\/span><\/div><\/div><\/div><\/div><div class=\"fusion-text fusion-text-14\"><p class=\"whitespace-normal break-words\" style=\"text-align: justify;\">Per i professionisti del settore, queste tendenze rappresentano significative opportunit\u00e0 di crescita. L&#8217;investimento in tecnologie smart per un setup professionale completo si aggira tra 8.000 e 15.000 euro, ma i servizi specializzati hanno tariffe medie tra 500 e 1.200 euro per giornata di lavoro.<\/p>\n<\/div><div class=\"fusion-title title fusion-title-11 fusion-sep-none fusion-title-text fusion-title-size-four\" style=\"--awb-margin-top:20px;--awb-margin-top-small:30px;--awb-margin-right-small:0px;--awb-margin-bottom-small:10px;--awb-margin-left-small:0px;\"><h4 class=\"fusion-title-heading title-heading-left\" style=\"margin:0;\">Prospettive future e considerazioni tecniche<\/h4><\/div><div class=\"fusion-text fusion-text-15\"><p class=\"whitespace-normal break-words\" style=\"text-align: justify;\">L&#8217;integrazione della tecnologia smart home nel design d&#8217;interni non \u00e8 solo una tendenza; rappresenta il futuro di come interagiamo con i nostri spazi abitativi. Guardando al futuro, possiamo aspettarci che l&#8217;IA diventi pi\u00f9 predittiva, anticipando i bisogni basandosi sul comportamento e le preferenze dell&#8217;utente.<\/p>\n<p class=\"whitespace-normal break-words\" style=\"text-align: justify;\">Il 2025 rappresenta un momento di svolta per l&#8217;interior design, dove la convergenza tra sostenibilit\u00e0, tecnologia e benessere sta ridefinendo gli standard del settore. Per i professionisti che sapranno padroneggiare questa trasformazione, si aprono opportunit\u00e0 senza precedenti in un mercato in continua evoluzione.<\/p>\n<hr class=\"border-border-300 my-2\" \/>\n<p class=\"whitespace-normal break-words\" style=\"text-align: justify;\"><em>Scopri come implementare queste tendenze nei tuoi progetti con i nostri <a href=\"https:\/\/dltformazione.it\/corsi-qualificati-per-architetti-geometri\/\">corsi di interior design<\/a><\/em><\/p>\n<\/div><\/div><\/div><\/div><\/div>\n","protected":false},"excerpt":{"rendered":"<p>Elementum nulla turpis cursus. Integer liberos kusto euismod aene pretium faucibus &#8230;<\/p>\n","protected":false},"author":1,"featured_media":2248,"comment_status":"open","ping_status":"open","sticky":false,"template":"","format":"standard","meta":{"_acf_changed":false,"footnotes":""},"categories":[76,8],"tags":[72,77,70],"class_list":["post-2224","post","type-post","status-publish","format-standard","has-post-thumbnail","hentry","category-design","category-progettazione","tag-innovazione","tag-interior-design","tag-progettazione"],"acf":[],"yoast_head":"<!-- This site is optimized with the Yoast SEO plugin v27.4 - https:\/\/yoast.com\/product\/yoast-seo-wordpress\/ -->\n<title>Interior Design 2025: sostenibilit\u00e0, tecnologia e comfort nella casa del futuro - DLT Formazione Blog<\/title>\n<meta name=\"description\" content=\"Interior Design 2025: sostenibilit\u00e0, tecnologia e comfort nella casa del futuro\" \/>\n<meta name=\"robots\" content=\"index, follow, max-snippet:-1, max-image-preview:large, max-video-preview:-1\" \/>\n<link rel=\"canonical\" href=\"https:\/\/blog.dltformazione.it\/index.php\/2025\/08\/22\/interior-design-2025-sostenibilita-tecnologia-e-comfort-nella-casa-del-futuro\/\" \/>\n<meta property=\"og:locale\" content=\"it_IT\" \/>\n<meta property=\"og:type\" content=\"article\" \/>\n<meta property=\"og:title\" content=\"Interior Design 2025: sostenibilit\u00e0, tecnologia e comfort nella casa del futuro - DLT Formazione Blog\" \/>\n<meta property=\"og:description\" content=\"Interior Design 2025: sostenibilit\u00e0, tecnologia e comfort nella casa del futuro\" \/>\n<meta property=\"og:url\" content=\"https:\/\/blog.dltformazione.it\/index.php\/2025\/08\/22\/interior-design-2025-sostenibilita-tecnologia-e-comfort-nella-casa-del-futuro\/\" \/>\n<meta property=\"og:site_name\" content=\"DLT Formazione Blog\" \/>\n<meta property=\"article:publisher\" content=\"https:\/\/www.facebook.com\/dltformazione\/\" \/>\n<meta property=\"article:published_time\" content=\"2025-08-22T18:08:14+00:00\" \/>\n<meta property=\"article:modified_time\" content=\"2025-09-30T14:11:23+00:00\" \/>\n<meta property=\"og:image\" content=\"https:\/\/blog.dltformazione.it\/wp-content\/uploads\/2025\/08\/soggiorno-1024x683.png\" \/>\n\t<meta property=\"og:image:width\" content=\"1024\" \/>\n\t<meta property=\"og:image:height\" content=\"683\" \/>\n\t<meta property=\"og:image:type\" content=\"image\/png\" \/>\n<meta name=\"author\" content=\"dltformazione\" \/>\n<meta name=\"twitter:card\" content=\"summary_large_image\" \/>\n<meta name=\"twitter:label1\" content=\"Scritto da\" \/>\n\t<meta name=\"twitter:data1\" content=\"dltformazione\" \/>\n\t<meta name=\"twitter:label2\" content=\"Tempo di lettura stimato\" \/>\n\t<meta name=\"twitter:data2\" content=\"7 minuti\" \/>\n<script type=\"application\/ld+json\" class=\"yoast-schema-graph\">{\"@context\":\"https:\\\/\\\/schema.org\",\"@graph\":[{\"@type\":\"Article\",\"@id\":\"https:\\\/\\\/blog.dltformazione.it\\\/index.php\\\/2025\\\/08\\\/22\\\/interior-design-2025-sostenibilita-tecnologia-e-comfort-nella-casa-del-futuro\\\/#article\",\"isPartOf\":{\"@id\":\"https:\\\/\\\/blog.dltformazione.it\\\/index.php\\\/2025\\\/08\\\/22\\\/interior-design-2025-sostenibilita-tecnologia-e-comfort-nella-casa-del-futuro\\\/\"},\"author\":{\"name\":\"dltformazione\",\"@id\":\"https:\\\/\\\/blog.dltformazione.it\\\/#\\\/schema\\\/person\\\/5800b6b71dd6c7c332e7dd27fb6cbad4\"},\"headline\":\"Interior Design 2025: sostenibilit\u00e0, tecnologia e comfort nella casa del futuro\",\"datePublished\":\"2025-08-22T18:08:14+00:00\",\"dateModified\":\"2025-09-30T14:11:23+00:00\",\"mainEntityOfPage\":{\"@id\":\"https:\\\/\\\/blog.dltformazione.it\\\/index.php\\\/2025\\\/08\\\/22\\\/interior-design-2025-sostenibilita-tecnologia-e-comfort-nella-casa-del-futuro\\\/\"},\"wordCount\":11977,\"commentCount\":0,\"publisher\":{\"@id\":\"https:\\\/\\\/blog.dltformazione.it\\\/#organization\"},\"image\":{\"@id\":\"https:\\\/\\\/blog.dltformazione.it\\\/index.php\\\/2025\\\/08\\\/22\\\/interior-design-2025-sostenibilita-tecnologia-e-comfort-nella-casa-del-futuro\\\/#primaryimage\"},\"thumbnailUrl\":\"https:\\\/\\\/blog.dltformazione.it\\\/wp-content\\\/uploads\\\/2025\\\/08\\\/soggiorno.png\",\"keywords\":[\"innovazione\",\"Interior design\",\"progettazione\"],\"articleSection\":[\"Design\",\"Progettazione\"],\"inLanguage\":\"it-IT\",\"potentialAction\":[{\"@type\":\"CommentAction\",\"name\":\"Comment\",\"target\":[\"https:\\\/\\\/blog.dltformazione.it\\\/index.php\\\/2025\\\/08\\\/22\\\/interior-design-2025-sostenibilita-tecnologia-e-comfort-nella-casa-del-futuro\\\/#respond\"]}]},{\"@type\":\"WebPage\",\"@id\":\"https:\\\/\\\/blog.dltformazione.it\\\/index.php\\\/2025\\\/08\\\/22\\\/interior-design-2025-sostenibilita-tecnologia-e-comfort-nella-casa-del-futuro\\\/\",\"url\":\"https:\\\/\\\/blog.dltformazione.it\\\/index.php\\\/2025\\\/08\\\/22\\\/interior-design-2025-sostenibilita-tecnologia-e-comfort-nella-casa-del-futuro\\\/\",\"name\":\"Interior Design 2025: sostenibilit\u00e0, tecnologia e comfort nella casa del futuro - DLT Formazione Blog\",\"isPartOf\":{\"@id\":\"https:\\\/\\\/blog.dltformazione.it\\\/#website\"},\"primaryImageOfPage\":{\"@id\":\"https:\\\/\\\/blog.dltformazione.it\\\/index.php\\\/2025\\\/08\\\/22\\\/interior-design-2025-sostenibilita-tecnologia-e-comfort-nella-casa-del-futuro\\\/#primaryimage\"},\"image\":{\"@id\":\"https:\\\/\\\/blog.dltformazione.it\\\/index.php\\\/2025\\\/08\\\/22\\\/interior-design-2025-sostenibilita-tecnologia-e-comfort-nella-casa-del-futuro\\\/#primaryimage\"},\"thumbnailUrl\":\"https:\\\/\\\/blog.dltformazione.it\\\/wp-content\\\/uploads\\\/2025\\\/08\\\/soggiorno.png\",\"datePublished\":\"2025-08-22T18:08:14+00:00\",\"dateModified\":\"2025-09-30T14:11:23+00:00\",\"description\":\"Interior Design 2025: sostenibilit\u00e0, tecnologia e comfort nella casa del futuro\",\"breadcrumb\":{\"@id\":\"https:\\\/\\\/blog.dltformazione.it\\\/index.php\\\/2025\\\/08\\\/22\\\/interior-design-2025-sostenibilita-tecnologia-e-comfort-nella-casa-del-futuro\\\/#breadcrumb\"},\"inLanguage\":\"it-IT\",\"potentialAction\":[{\"@type\":\"ReadAction\",\"target\":[\"https:\\\/\\\/blog.dltformazione.it\\\/index.php\\\/2025\\\/08\\\/22\\\/interior-design-2025-sostenibilita-tecnologia-e-comfort-nella-casa-del-futuro\\\/\"]}]},{\"@type\":\"ImageObject\",\"inLanguage\":\"it-IT\",\"@id\":\"https:\\\/\\\/blog.dltformazione.it\\\/index.php\\\/2025\\\/08\\\/22\\\/interior-design-2025-sostenibilita-tecnologia-e-comfort-nella-casa-del-futuro\\\/#primaryimage\",\"url\":\"https:\\\/\\\/blog.dltformazione.it\\\/wp-content\\\/uploads\\\/2025\\\/08\\\/soggiorno.png\",\"contentUrl\":\"https:\\\/\\\/blog.dltformazione.it\\\/wp-content\\\/uploads\\\/2025\\\/08\\\/soggiorno.png\",\"width\":1536,\"height\":1024,\"caption\":\"Interior Design 2025: sostenibilit\u00e0, tecnologia e comfort nella casa del futuro\"},{\"@type\":\"BreadcrumbList\",\"@id\":\"https:\\\/\\\/blog.dltformazione.it\\\/index.php\\\/2025\\\/08\\\/22\\\/interior-design-2025-sostenibilita-tecnologia-e-comfort-nella-casa-del-futuro\\\/#breadcrumb\",\"itemListElement\":[{\"@type\":\"ListItem\",\"position\":1,\"name\":\"Home\",\"item\":\"https:\\\/\\\/blog.dltformazione.it\\\/\"},{\"@type\":\"ListItem\",\"position\":2,\"name\":\"Interior Design 2025: sostenibilit\u00e0, tecnologia e comfort nella casa del futuro\"}]},{\"@type\":\"WebSite\",\"@id\":\"https:\\\/\\\/blog.dltformazione.it\\\/#website\",\"url\":\"https:\\\/\\\/blog.dltformazione.it\\\/\",\"name\":\"DLT Formazione Blog\",\"description\":\"Dove i professionisti si informano e si formano\",\"publisher\":{\"@id\":\"https:\\\/\\\/blog.dltformazione.it\\\/#organization\"},\"potentialAction\":[{\"@type\":\"SearchAction\",\"target\":{\"@type\":\"EntryPoint\",\"urlTemplate\":\"https:\\\/\\\/blog.dltformazione.it\\\/?s={search_term_string}\"},\"query-input\":{\"@type\":\"PropertyValueSpecification\",\"valueRequired\":true,\"valueName\":\"search_term_string\"}}],\"inLanguage\":\"it-IT\"},{\"@type\":\"Organization\",\"@id\":\"https:\\\/\\\/blog.dltformazione.it\\\/#organization\",\"name\":\"DLT Formazione Blog\",\"url\":\"https:\\\/\\\/blog.dltformazione.it\\\/\",\"logo\":{\"@type\":\"ImageObject\",\"inLanguage\":\"it-IT\",\"@id\":\"https:\\\/\\\/blog.dltformazione.it\\\/#\\\/schema\\\/logo\\\/image\\\/\",\"url\":\"https:\\\/\\\/blog.dltformazione.it\\\/wp-content\\\/uploads\\\/2025\\\/08\\\/dlt_logo.jpg\",\"contentUrl\":\"https:\\\/\\\/blog.dltformazione.it\\\/wp-content\\\/uploads\\\/2025\\\/08\\\/dlt_logo.jpg\",\"width\":1002,\"height\":1000,\"caption\":\"DLT Formazione Blog\"},\"image\":{\"@id\":\"https:\\\/\\\/blog.dltformazione.it\\\/#\\\/schema\\\/logo\\\/image\\\/\"},\"sameAs\":[\"https:\\\/\\\/www.facebook.com\\\/dltformazione\\\/\",\"https:\\\/\\\/www.instagram.com\\\/dltformazionecorsi\\\/\"]},{\"@type\":\"Person\",\"@id\":\"https:\\\/\\\/blog.dltformazione.it\\\/#\\\/schema\\\/person\\\/5800b6b71dd6c7c332e7dd27fb6cbad4\",\"name\":\"dltformazione\",\"image\":{\"@type\":\"ImageObject\",\"inLanguage\":\"it-IT\",\"@id\":\"https:\\\/\\\/secure.gravatar.com\\\/avatar\\\/5adbb8d66fe37af5a248e54596f7865361352912154a2bf3ccf19aa23ae83bda?s=96&d=mm&r=g\",\"url\":\"https:\\\/\\\/secure.gravatar.com\\\/avatar\\\/5adbb8d66fe37af5a248e54596f7865361352912154a2bf3ccf19aa23ae83bda?s=96&d=mm&r=g\",\"contentUrl\":\"https:\\\/\\\/secure.gravatar.com\\\/avatar\\\/5adbb8d66fe37af5a248e54596f7865361352912154a2bf3ccf19aa23ae83bda?s=96&d=mm&r=g\",\"caption\":\"dltformazione\"},\"sameAs\":[\"https:\\\/\\\/blog.dltformazione.it\\\/\"],\"url\":\"https:\\\/\\\/blog.dltformazione.it\\\/index.php\\\/author\\\/dltformazione\\\/\"}]}<\/script>\n<!-- \/ Yoast SEO plugin. -->","yoast_head_json":{"title":"Interior Design 2025: sostenibilit\u00e0, tecnologia e comfort nella casa del futuro - DLT Formazione Blog","description":"Interior Design 2025: sostenibilit\u00e0, tecnologia e comfort nella casa del futuro","robots":{"index":"index","follow":"follow","max-snippet":"max-snippet:-1","max-image-preview":"max-image-preview:large","max-video-preview":"max-video-preview:-1"},"canonical":"https:\/\/blog.dltformazione.it\/index.php\/2025\/08\/22\/interior-design-2025-sostenibilita-tecnologia-e-comfort-nella-casa-del-futuro\/","og_locale":"it_IT","og_type":"article","og_title":"Interior Design 2025: sostenibilit\u00e0, tecnologia e comfort nella casa del futuro - DLT Formazione Blog","og_description":"Interior Design 2025: sostenibilit\u00e0, tecnologia e comfort nella casa del futuro","og_url":"https:\/\/blog.dltformazione.it\/index.php\/2025\/08\/22\/interior-design-2025-sostenibilita-tecnologia-e-comfort-nella-casa-del-futuro\/","og_site_name":"DLT Formazione Blog","article_publisher":"https:\/\/www.facebook.com\/dltformazione\/","article_published_time":"2025-08-22T18:08:14+00:00","article_modified_time":"2025-09-30T14:11:23+00:00","og_image":[{"width":1024,"height":683,"url":"https:\/\/blog.dltformazione.it\/wp-content\/uploads\/2025\/08\/soggiorno-1024x683.png","type":"image\/png"}],"author":"dltformazione","twitter_card":"summary_large_image","twitter_misc":{"Scritto da":"dltformazione","Tempo di lettura stimato":"7 minuti"},"schema":{"@context":"https:\/\/schema.org","@graph":[{"@type":"Article","@id":"https:\/\/blog.dltformazione.it\/index.php\/2025\/08\/22\/interior-design-2025-sostenibilita-tecnologia-e-comfort-nella-casa-del-futuro\/#article","isPartOf":{"@id":"https:\/\/blog.dltformazione.it\/index.php\/2025\/08\/22\/interior-design-2025-sostenibilita-tecnologia-e-comfort-nella-casa-del-futuro\/"},"author":{"name":"dltformazione","@id":"https:\/\/blog.dltformazione.it\/#\/schema\/person\/5800b6b71dd6c7c332e7dd27fb6cbad4"},"headline":"Interior Design 2025: sostenibilit\u00e0, tecnologia e comfort nella casa del futuro","datePublished":"2025-08-22T18:08:14+00:00","dateModified":"2025-09-30T14:11:23+00:00","mainEntityOfPage":{"@id":"https:\/\/blog.dltformazione.it\/index.php\/2025\/08\/22\/interior-design-2025-sostenibilita-tecnologia-e-comfort-nella-casa-del-futuro\/"},"wordCount":11977,"commentCount":0,"publisher":{"@id":"https:\/\/blog.dltformazione.it\/#organization"},"image":{"@id":"https:\/\/blog.dltformazione.it\/index.php\/2025\/08\/22\/interior-design-2025-sostenibilita-tecnologia-e-comfort-nella-casa-del-futuro\/#primaryimage"},"thumbnailUrl":"https:\/\/blog.dltformazione.it\/wp-content\/uploads\/2025\/08\/soggiorno.png","keywords":["innovazione","Interior design","progettazione"],"articleSection":["Design","Progettazione"],"inLanguage":"it-IT","potentialAction":[{"@type":"CommentAction","name":"Comment","target":["https:\/\/blog.dltformazione.it\/index.php\/2025\/08\/22\/interior-design-2025-sostenibilita-tecnologia-e-comfort-nella-casa-del-futuro\/#respond"]}]},{"@type":"WebPage","@id":"https:\/\/blog.dltformazione.it\/index.php\/2025\/08\/22\/interior-design-2025-sostenibilita-tecnologia-e-comfort-nella-casa-del-futuro\/","url":"https:\/\/blog.dltformazione.it\/index.php\/2025\/08\/22\/interior-design-2025-sostenibilita-tecnologia-e-comfort-nella-casa-del-futuro\/","name":"Interior Design 2025: sostenibilit\u00e0, tecnologia e comfort nella casa del futuro - DLT Formazione Blog","isPartOf":{"@id":"https:\/\/blog.dltformazione.it\/#website"},"primaryImageOfPage":{"@id":"https:\/\/blog.dltformazione.it\/index.php\/2025\/08\/22\/interior-design-2025-sostenibilita-tecnologia-e-comfort-nella-casa-del-futuro\/#primaryimage"},"image":{"@id":"https:\/\/blog.dltformazione.it\/index.php\/2025\/08\/22\/interior-design-2025-sostenibilita-tecnologia-e-comfort-nella-casa-del-futuro\/#primaryimage"},"thumbnailUrl":"https:\/\/blog.dltformazione.it\/wp-content\/uploads\/2025\/08\/soggiorno.png","datePublished":"2025-08-22T18:08:14+00:00","dateModified":"2025-09-30T14:11:23+00:00","description":"Interior Design 2025: sostenibilit\u00e0, tecnologia e comfort nella casa del futuro","breadcrumb":{"@id":"https:\/\/blog.dltformazione.it\/index.php\/2025\/08\/22\/interior-design-2025-sostenibilita-tecnologia-e-comfort-nella-casa-del-futuro\/#breadcrumb"},"inLanguage":"it-IT","potentialAction":[{"@type":"ReadAction","target":["https:\/\/blog.dltformazione.it\/index.php\/2025\/08\/22\/interior-design-2025-sostenibilita-tecnologia-e-comfort-nella-casa-del-futuro\/"]}]},{"@type":"ImageObject","inLanguage":"it-IT","@id":"https:\/\/blog.dltformazione.it\/index.php\/2025\/08\/22\/interior-design-2025-sostenibilita-tecnologia-e-comfort-nella-casa-del-futuro\/#primaryimage","url":"https:\/\/blog.dltformazione.it\/wp-content\/uploads\/2025\/08\/soggiorno.png","contentUrl":"https:\/\/blog.dltformazione.it\/wp-content\/uploads\/2025\/08\/soggiorno.png","width":1536,"height":1024,"caption":"Interior Design 2025: sostenibilit\u00e0, tecnologia e comfort nella casa del futuro"},{"@type":"BreadcrumbList","@id":"https:\/\/blog.dltformazione.it\/index.php\/2025\/08\/22\/interior-design-2025-sostenibilita-tecnologia-e-comfort-nella-casa-del-futuro\/#breadcrumb","itemListElement":[{"@type":"ListItem","position":1,"name":"Home","item":"https:\/\/blog.dltformazione.it\/"},{"@type":"ListItem","position":2,"name":"Interior Design 2025: sostenibilit\u00e0, tecnologia e comfort nella casa del futuro"}]},{"@type":"WebSite","@id":"https:\/\/blog.dltformazione.it\/#website","url":"https:\/\/blog.dltformazione.it\/","name":"DLT Formazione Blog","description":"Dove i professionisti si informano e si formano","publisher":{"@id":"https:\/\/blog.dltformazione.it\/#organization"},"potentialAction":[{"@type":"SearchAction","target":{"@type":"EntryPoint","urlTemplate":"https:\/\/blog.dltformazione.it\/?s={search_term_string}"},"query-input":{"@type":"PropertyValueSpecification","valueRequired":true,"valueName":"search_term_string"}}],"inLanguage":"it-IT"},{"@type":"Organization","@id":"https:\/\/blog.dltformazione.it\/#organization","name":"DLT Formazione Blog","url":"https:\/\/blog.dltformazione.it\/","logo":{"@type":"ImageObject","inLanguage":"it-IT","@id":"https:\/\/blog.dltformazione.it\/#\/schema\/logo\/image\/","url":"https:\/\/blog.dltformazione.it\/wp-content\/uploads\/2025\/08\/dlt_logo.jpg","contentUrl":"https:\/\/blog.dltformazione.it\/wp-content\/uploads\/2025\/08\/dlt_logo.jpg","width":1002,"height":1000,"caption":"DLT Formazione Blog"},"image":{"@id":"https:\/\/blog.dltformazione.it\/#\/schema\/logo\/image\/"},"sameAs":["https:\/\/www.facebook.com\/dltformazione\/","https:\/\/www.instagram.com\/dltformazionecorsi\/"]},{"@type":"Person","@id":"https:\/\/blog.dltformazione.it\/#\/schema\/person\/5800b6b71dd6c7c332e7dd27fb6cbad4","name":"dltformazione","image":{"@type":"ImageObject","inLanguage":"it-IT","@id":"https:\/\/secure.gravatar.com\/avatar\/5adbb8d66fe37af5a248e54596f7865361352912154a2bf3ccf19aa23ae83bda?s=96&d=mm&r=g","url":"https:\/\/secure.gravatar.com\/avatar\/5adbb8d66fe37af5a248e54596f7865361352912154a2bf3ccf19aa23ae83bda?s=96&d=mm&r=g","contentUrl":"https:\/\/secure.gravatar.com\/avatar\/5adbb8d66fe37af5a248e54596f7865361352912154a2bf3ccf19aa23ae83bda?s=96&d=mm&r=g","caption":"dltformazione"},"sameAs":["https:\/\/blog.dltformazione.it\/"],"url":"https:\/\/blog.dltformazione.it\/index.php\/author\/dltformazione\/"}]}},"_links":{"self":[{"href":"https:\/\/blog.dltformazione.it\/index.php\/wp-json\/wp\/v2\/posts\/2224","targetHints":{"allow":["GET"]}}],"collection":[{"href":"https:\/\/blog.dltformazione.it\/index.php\/wp-json\/wp\/v2\/posts"}],"about":[{"href":"https:\/\/blog.dltformazione.it\/index.php\/wp-json\/wp\/v2\/types\/post"}],"author":[{"embeddable":true,"href":"https:\/\/blog.dltformazione.it\/index.php\/wp-json\/wp\/v2\/users\/1"}],"replies":[{"embeddable":true,"href":"https:\/\/blog.dltformazione.it\/index.php\/wp-json\/wp\/v2\/comments?post=2224"}],"version-history":[{"count":21,"href":"https:\/\/blog.dltformazione.it\/index.php\/wp-json\/wp\/v2\/posts\/2224\/revisions"}],"predecessor-version":[{"id":2249,"href":"https:\/\/blog.dltformazione.it\/index.php\/wp-json\/wp\/v2\/posts\/2224\/revisions\/2249"}],"wp:featuredmedia":[{"embeddable":true,"href":"https:\/\/blog.dltformazione.it\/index.php\/wp-json\/wp\/v2\/media\/2248"}],"wp:attachment":[{"href":"https:\/\/blog.dltformazione.it\/index.php\/wp-json\/wp\/v2\/media?parent=2224"}],"wp:term":[{"taxonomy":"category","embeddable":true,"href":"https:\/\/blog.dltformazione.it\/index.php\/wp-json\/wp\/v2\/categories?post=2224"},{"taxonomy":"post_tag","embeddable":true,"href":"https:\/\/blog.dltformazione.it\/index.php\/wp-json\/wp\/v2\/tags?post=2224"}],"curies":[{"name":"wp","href":"https:\/\/api.w.org\/{rel}","templated":true}]}}