{"id":2358,"date":"2025-09-04T15:18:30","date_gmt":"2025-09-04T15:18:30","guid":{"rendered":"https:\/\/blog.dltformazione.it\/?p=2358"},"modified":"2025-09-04T16:04:20","modified_gmt":"2025-09-04T16:04:20","slug":"lobbligo-di-formazione-permanente-per-i-professionisti-tecnici-11-anni-dopo-unanalisi-critica","status":"publish","type":"post","link":"https:\/\/blog.dltformazione.it\/index.php\/2025\/09\/04\/lobbligo-di-formazione-permanente-per-i-professionisti-tecnici-11-anni-dopo-unanalisi-critica\/","title":{"rendered":"L&#8217;obbligo di formazione permanente per i professionisti tecnici: 11 anni dopo, un&#8217;analisi critica"},"content":{"rendered":"<div class=\"fusion-fullwidth fullwidth-box fusion-builder-row-1 fusion-flex-container has-pattern-background has-mask-background nonhundred-percent-fullwidth non-hundred-percent-height-scrolling\" style=\"--awb-border-radius-top-left:0px;--awb-border-radius-top-right:0px;--awb-border-radius-bottom-right:0px;--awb-border-radius-bottom-left:0px;--awb-padding-top:0px;--awb-margin-top:0px;--awb-flex-wrap:wrap;\" ><div class=\"fusion-builder-row fusion-row fusion-flex-align-items-flex-start fusion-flex-content-wrap\" style=\"max-width:1302px;margin-left: calc(-5% \/ 2 );margin-right: calc(-5% \/ 2 );\"><div class=\"fusion-layout-column fusion_builder_column fusion-builder-column-0 fusion_builder_column_1_1 1_1 fusion-flex-column fusion-flex-align-self-flex-start\" style=\"--awb-bg-size:cover;--awb-width-large:100%;--awb-margin-top-large:0px;--awb-spacing-right-large:0px;--awb-margin-bottom-large:0px;--awb-spacing-left-large:0px;--awb-width-medium:100%;--awb-order-medium:0;--awb-spacing-right-medium:0px;--awb-spacing-left-medium:0px;--awb-width-small:100%;--awb-order-small:0;--awb-spacing-right-small:2.375%;--awb-spacing-left-small:2.375%;\"><div class=\"fusion-column-wrapper fusion-column-has-shadow fusion-flex-justify-content-flex-start fusion-content-layout-column\"><div class=\"fusion-text fusion-text-1\" style=\"--awb-content-alignment:left;\"><div style=\"text-align: justify;\">Sono passati pi\u00f9 di dieci anni da quel 1\u00b0 gennaio 2014 quando centinaia di migliaia di professionisti tecnici italiani si sono svegliati con un nuovo obbligo: quello della formazione continua. Una rivoluzione silenziosa che ha trasformato il panorama delle professioni tecniche, creando al contempo opportunit\u00e0 di crescita e non poche polemiche. Oggi, a distanza di oltre un decennio, \u00e8 arrivato il momento di fare un bilancio critico di questa esperienza, analizzando numeri, impatti e prospettive future.<\/div>\n<\/div><div class=\"fusion-title title fusion-title-1 fusion-sep-none fusion-title-text fusion-title-size-four\" style=\"--awb-margin-top:20px;--awb-margin-top-small:50px;--awb-margin-right-small:0px;--awb-margin-bottom-small:10px;--awb-margin-left-small:0px;\"><h4 class=\"fusion-title-heading title-heading-left\" style=\"margin:0;\">La genesi di una rivoluzione normativa<\/h4><\/div><div class=\"fusion-text fusion-text-2\"><div style=\"text-align: justify;\">Il D.P.R. 137\/2012 ha previsto che tutte le professioni ordinate fossero soggette all&#8217;obbligo della Formazione Continua al fine di mantenere o migliorare la propria qualificazione professionale. L&#8217;obiettivo dichiarato era nobile: garantire che ogni professionista mantenesse sempre aggiornate le proprie competenze in un mondo in continua evoluzione tecnologica e normativa.<br \/>\nDal 1\u00b0 gennaio 2014 \u00e8 entrato in vigore l&#8217;articolo 7 della Riforma degli Ordinamenti Professionali che disciplina la formazione continua degli Architetti e di tutti i professionisti iscritti agli Ordini. Una data che ha segnato uno spartiacque per milioni di professionisti italiani, introducendo il concetto di Crediti Formativi Professionali (CFP) come unit\u00e0 di misura dell&#8217;aggiornamento.<br \/>\nLa filosofia di base era semplice quanto ambiziosa: in un settore tecnico dove le normative si succedono a ritmo incalzante e le tecnologie evolvono continuamente, nessun professionista pu\u00f2 permettersi di rimanere indietro. L&#8217;obbligo formativo doveva essere la risposta a questa esigenza di costante aggiornamento.<\/div>\n<\/div><div class=\"fusion-title title fusion-title-2 fusion-sep-none fusion-title-text fusion-title-size-four\" style=\"--awb-margin-top:20px;--awb-margin-top-small:50px;--awb-margin-right-small:0px;--awb-margin-bottom-small:10px;--awb-margin-left-small:0px;\"><h4 class=\"fusion-title-heading title-heading-left\" style=\"margin:0;\">I protagonisti di questo cambiamento: i numeri che contano<\/h4><\/div><div class=\"fusion-text fusion-text-3\"><div style=\"text-align: justify;\">Ma di quanti professionisti stiamo parlando? I numeri sono impressionanti e fotografano una delle categorie professionali pi\u00f9 numerose d&#8217;Europa. Sono oltre 150.000 gli architetti in Italia, quasi un terzo (il 27%) di tutti gli architetti europei, una densit\u00e0 professionale che non ha eguali nel panorama internazionale.<\/div>\n<p>Il panorama dei professionisti tecnici soggetti all&#8217;obbligo si articola cos\u00ec:<\/p>\n<p>Architetti: oltre 150.000 iscritti agli albi provinciali, di cui circa il 35% ha meno di quarant&#8217;anni<br \/>\nIngegneri: pi\u00f9 di 500.000 professionisti, dei quali il 70% sono dipendenti, con circa 200.000 nella sezione civile-ambientale<br \/>\nGeometri: 95.642 iscritti al CNGeGL, con 9.661 under 30 e 33.010 under 40<br \/>\nAltri professionisti tecnici (periti, geologi, agronomi): circa 100.000 professionisti<\/p>\n<div style=\"text-align: justify;\">Il totale stimato supera gli 850.000 professionisti, un esercito di tecnici che ogni anno deve fare i conti con l&#8217;obbligo formativo. Una massa critica che ha inevitabilmente generato un mercato della formazione dal valore stimato in oltre 200 milioni di euro annui.<\/div>\n<\/div><div class=\"fusion-title title fusion-title-3 fusion-sep-none fusion-title-text fusion-title-size-four\" style=\"--awb-margin-top:20px;--awb-margin-top-small:50px;--awb-margin-right-small:0px;--awb-margin-bottom-small:10px;--awb-margin-left-small:0px;\"><h4 class=\"fusion-title-heading title-heading-left\" style=\"margin:0;\">Un sistema, tante regole: la frammentazione normativa<\/h4><\/div><div class=\"fusion-text fusion-text-4\"><div style=\"text-align: justify;\">Una delle caratteristiche pi\u00f9 peculiari del sistema italiano \u00e8 la frammentazione dei regolamenti tra i diversi ordini professionali. Ogni categoria ha sviluppato il proprio approccio, creando un puzzle normativo complesso ma interessante da analizzare.<\/div>\n<p style=\"text-align: justify;\"><strong>Il modello triennale<\/strong><br \/>\nDurante il triennio attualmente in corso, che terminer\u00e0 il 31 dicembre 2025, ogni architetto deve acquisire 60 crediti formativi professionali (CFP), di cui almeno 12 devono derivare da attivit\u00e0 sui temi della deontologia. Un approccio che privilegia la flessibilit\u00e0 temporale, consentendo ai professionisti di distribuire il carico formativo secondo le proprie esigenze.<br \/>\nIl CNGeGL ha stabilito per i geometri un obbligo di 60 CFP da acquisire nel corso di 3 anni, con punti che devono provenire da almeno 6 delle discipline deontologiche della professione. Una scelta che riflette la multidisciplinariet\u00e0 della professione del geometra.<br \/>\n<strong>Il modello annuale degli ingegneri<\/strong><br \/>\nOgni ingegnere deve ottenere un minimo di 30 CFP ogni anno, considerando che per ogni anno solare vengono detratti 30 CFP dal totale accumulato. Un sistema che garantisce un aggiornamento costante ma che richiede maggiore attenzione nella gestione dei crediti.<br \/>\nAl momento dell&#8217;iscrizione all&#8217;Albo, a ogni ingegnere sono accreditati automaticamente diversi CFP: 90 in caso di prima iscrizione entro 2 anni dall&#8217;abilitazione, 60 se l&#8217;iscrizione avviene tra 2 e 5 anni, 30 CFP dopo 5 anni.<\/p>\n<\/div><div class=\"fusion-title title fusion-title-4 fusion-sep-none fusion-title-text fusion-title-size-four\" style=\"--awb-margin-top:20px;--awb-margin-top-small:50px;--awb-margin-right-small:0px;--awb-margin-bottom-small:10px;--awb-margin-left-small:0px;\"><h4 class=\"fusion-title-heading title-heading-left\" style=\"margin:0;\">Il boom degli enti formativi: un mercato in espansione<\/h4><\/div><div class=\"fusion-text fusion-text-5\"><div style=\"text-align: justify;\">L&#8217;introduzione dell&#8217;obbligo formativo ha scatenato una vera e propria corsa all&#8217;oro della formazione professionale. &#8220;Inizialmente gli ordini avevano preso su di s\u00e9 il monopolio della gestione dei corsi&#8221;, ma presto il mercato si \u00e8 aperto a una moltitudine di enti privati accreditati.<br \/>\nOggi il panorama della formazione CFP comprende:<\/div>\n<p>Ordini professionali: rimangono i principali erogatori, spesso con tariffe agevolate per gli iscritti<br \/>\nEnti accreditati specializzati: societ\u00e0 nate specificamente per il mercato CFP<br \/>\nUniversit\u00e0 e politecnici: con master e corsi di perfezionamento<br \/>\nAziende private: che offrono formazione tecnica su prodotti e tecnologie<\/p>\n<\/div><div class=\"fusion-title title fusion-title-5 fusion-sep-none fusion-title-text fusion-title-size-four\" style=\"--awb-margin-top:20px;--awb-margin-top-small:30px;--awb-margin-right-small:0px;--awb-margin-bottom-small:10px;--awb-margin-left-small:0px;\"><h4 class=\"fusion-title-heading title-heading-left\" style=\"margin:0;\">Luci e ombre: un bilancio critico<\/h4><\/div><div class=\"fusion-text fusion-text-6\"><div style=\"text-align: justify;\">Dopo oltre dieci anni di applicazione, \u00e8 possibile tentare un bilancio dell&#8217;esperienza italiana con la formazione obbligatoria. I risultati sono contrastanti e meritano un&#8217;analisi equilibrata.<\/div>\n<div><\/div>\n<p><strong>Gli aspetti positivi innegabili<\/strong><\/p>\n<div style=\"text-align: justify;\">Il sistema ha certamente contribuito a una maggiore diffusione dell&#8217;aggiornamento professionale. Temi prima di nicchia come il BIM, l&#8217;uso dei droni in cantiere, la sostenibilit\u00e0 energetica e le nuove normative antisismiche hanno trovato spazio nei programmi formativi, raggiungendo migliaia di professionisti che altrimenti non avrebbero avuto occasione di approfondirli.<br \/>\nLa standardizzazione europea \u00e8 un altro effetto positivo: il CNAPPC ha accolto lo stimolo ad adeguarsi a quasi tutti i colleghi europei, approntando il &#8220;Regolamento per l&#8217;aggiornamento e lo sviluppo professionale continuo&#8221;. Un allineamento che facilita il riconoscimento delle competenze a livello internazionale.<\/div>\n<div><\/div>\n<p><strong>Le criticit\u00e0 strutturali<\/strong><\/p>\n<div style=\"text-align: justify;\">Tuttavia, non mancano le ombre. Nel 2023 si registra un calo significativo delle abilitazioni alla professione di ingegnere rispetto al biennio Covid, evidenziando scarso interesse per l&#8217;Albo. Un dato preoccupante che alcuni collegano anche alla percezione dell&#8217;obbligo formativo come fardello burocratico.<br \/>\nTra i professionisti italiani il dibattito \u00e8 acceso: l&#8217;aggiornamento professionale \u00e8 una scelta dettata dalla volont\u00e0 di essere sempre al passo con le innovazioni del proprio mestiere, o una mera necessit\u00e0 burocratica? Una domanda che tocca il cuore del problema: la formazione dovrebbe essere una scelta consapevole, non un obbligo imposto.<\/div>\n<\/div><div class=\"fusion-title title fusion-title-6 fusion-sep-none fusion-title-text fusion-title-size-four\" style=\"--awb-margin-top:20px;--awb-margin-top-small:30px;--awb-margin-right-small:0px;--awb-margin-bottom-small:10px;--awb-margin-left-small:0px;\"><h4 class=\"fusion-title-heading title-heading-left\" style=\"margin:0;\">Le sanzioni: deterrente o minaccia?<\/h4><\/div><div class=\"fusion-text fusion-text-7\"><div style=\"text-align: justify;\">Se un professionista non assolve l&#8217;obbligo formativo, rischia una sanzione disciplinare che pu\u00f2 variare dal semplice avvertimento alla sospensione temporanea dall&#8217;Albo, fino alla cancellazione dall&#8217;Ordine professionale nei casi pi\u00f9 gravi. Un sistema graduato che cerca di bilanciare deterrenza e proporzionalit\u00e0.<br \/>\nLa violazione dell&#8217;obbligo di formazione continua determina un illecito disciplinare che \u00e8 sanzionato sulla base di quanto stabilito dall&#8217;ordinamento professionale. Tuttavia, l&#8217;applicazione concreta di queste sanzioni varia significativamente tra i diversi ordini territoriali, creando disparit\u00e0 di trattamento.<\/div>\n<\/div><div class=\"fusion-title title fusion-title-7 fusion-sep-none fusion-title-text fusion-title-size-four\" style=\"--awb-margin-top:20px;--awb-margin-top-small:30px;--awb-margin-right-small:0px;--awb-margin-bottom-small:10px;--awb-margin-left-small:0px;\"><h4 class=\"fusion-title-heading title-heading-left\" style=\"margin:0;\">Prospettive future: verso un sistema pi\u00f9 maturo?<\/h4><\/div><div class=\"fusion-text fusion-text-8\"><div style=\"text-align: justify;\">\n<p>Guardando al futuro, il sistema della formazione obbligatoria sembra destinato a evolversi verso una maggiore maturit\u00e0. Le tecnologie digitali, accelerate dalla pandemia, hanno dimostrato che la formazione a distanza pu\u00f2 essere efficace quanto quella tradizionale, aprendo possibilit\u00e0 di personalizzazione e flessibilit\u00e0 impensabili solo pochi anni fa.<\/p>\n<p>La sfida per i prossimi anni sar\u00e0 trovare un equilibrio tra:<\/p>\n<\/div>\n<ul>\n<li>Qualit\u00e0 vs. quantit\u00e0: privilegiare contenuti formativi di alto livello rispetto al mero accumulo di crediti<\/li>\n<li>Flessibilit\u00e0 vs. controllo: garantire che la formazione risponda alle reali esigenze professionali senza perdere di vista gli standard qualitativi<\/li>\n<li>Sostenibilit\u00e0 economica: evitare che i costi della formazione diventino un ostacolo per i professionisti, specialmente i pi\u00f9 giovani<\/li>\n<li>Innovazione tecnologica: sfruttare le potenzialit\u00e0 dell&#8217;intelligenza artificiale e della realt\u00e0 aumentata per rendere la formazione pi\u00f9 efficace e coinvolgente<\/li>\n<\/ul>\n<\/div><div class=\"fusion-title title fusion-title-8 fusion-sep-none fusion-title-text fusion-title-size-four\" style=\"--awb-margin-top:20px;--awb-margin-top-small:30px;--awb-margin-right-small:0px;--awb-margin-bottom-small:10px;--awb-margin-left-small:0px;\"><h4 class=\"fusion-title-heading title-heading-left\" style=\"margin:0;\">Conclusioni: un bilancio necessario<\/h4><\/div><div class=\"fusion-text fusion-text-9\"><p class=\"whitespace-normal break-words\" style=\"text-align: justify;\">L&#8217;obbligo di formazione permanente per i professionisti tecnici rappresenta uno degli esperimenti sociali pi\u00f9 ampi mai tentati in Italia nel campo delle professioni. Coinvolgendo oltre 850.000 professionisti e generando un mercato da centinaia di milioni di euro, ha sicuramente raggiunto l&#8217;obiettivo di diffondere la cultura dell&#8217;aggiornamento continuo.<\/p>\n<p class=\"whitespace-normal break-words\" style=\"text-align: justify;\">Tuttavia, dopo oltre dieci anni, \u00e8 evidente che il sistema necessita di una riflessione profonda. La burocratizzazione dell&#8217;apprendimento, la proliferazione di corsi dal valore formativo discutibile e i costi crescenti rischiano di trasformare quello che doveva essere uno strumento di crescita professionale in un mero adempimento amministrativo.<\/p>\n<p class=\"whitespace-normal break-words\" style=\"text-align: justify;\">La vera sfida per il futuro sar\u00e0 riportare al centro la sostanza sulla forma, la qualit\u00e0 sulla quantit\u00e0, la passione per l&#8217;apprendimento sull&#8217;obbligo normativo. Solo cos\u00ec la formazione continua potr\u00e0 mantenere la promessa originaria: fare dei professionisti tecnici italiani una categoria sempre pi\u00f9 competente, aggiornata e competitiva nel panorama internazionale.<\/p>\n<hr class=\"border-border-300 my-2\" \/>\n<p class=\"whitespace-normal break-words\" style=\"text-align: justify;\"><strong>Approfondisci le opportunit\u00e0 della formazione tecnica specializzata con DLT Formazione. <a href=\"https:\/\/dltformazione.it\">Scopri i nostri percorsi formativi<\/a> progettati per professionisti che vogliono crescere davvero, non solo accumulare crediti.<\/strong><\/p>\n<\/div><\/div><\/div><\/div><\/div>\n","protected":false},"excerpt":{"rendered":"<p>Elementum nulla turpis cursus. Integer liberos kusto euismod aene pretium faucibus &#8230;<\/p>\n","protected":false},"author":1,"featured_media":2366,"comment_status":"open","ping_status":"open","sticky":false,"template":"","format":"standard","meta":{"_acf_changed":false,"footnotes":""},"categories":[9,7,4],"tags":[88,89,87,85,86],"class_list":["post-2358","post","type-post","status-publish","format-standard","has-post-thumbnail","hentry","category-formazione","category-mercato-e-business","category-normative-e-sicurezza","tag-cfp","tag-crediti-formativi","tag-formazione","tag-professionisti","tag-sanzioni"],"acf":[],"yoast_head":"<!-- This site is optimized with the Yoast SEO plugin v27.4 - https:\/\/yoast.com\/product\/yoast-seo-wordpress\/ -->\n<title>L&#039;obbligo di formazione permanente per i professionisti tecnici: 11 anni dopo, un&#039;analisi critica - DLT Formazione Blog<\/title>\n<meta name=\"description\" content=\"L&#039;ultimo trimestre 2025 offre opportunit\u00e0 straordinarie per i professionisti tecnici nell&#039;efficientamento energetico\" \/>\n<meta name=\"robots\" content=\"index, follow, max-snippet:-1, max-image-preview:large, max-video-preview:-1\" \/>\n<link rel=\"canonical\" href=\"https:\/\/blog.dltformazione.it\/index.php\/2025\/09\/04\/lobbligo-di-formazione-permanente-per-i-professionisti-tecnici-11-anni-dopo-unanalisi-critica\/\" \/>\n<meta property=\"og:locale\" content=\"it_IT\" \/>\n<meta property=\"og:type\" content=\"article\" \/>\n<meta property=\"og:title\" content=\"L&#039;obbligo di formazione permanente per i professionisti tecnici: 11 anni dopo, un&#039;analisi critica - DLT Formazione Blog\" \/>\n<meta property=\"og:description\" content=\"L&#039;ultimo trimestre 2025 offre opportunit\u00e0 straordinarie per i professionisti tecnici nell&#039;efficientamento energetico\" \/>\n<meta property=\"og:url\" content=\"https:\/\/blog.dltformazione.it\/index.php\/2025\/09\/04\/lobbligo-di-formazione-permanente-per-i-professionisti-tecnici-11-anni-dopo-unanalisi-critica\/\" \/>\n<meta property=\"og:site_name\" content=\"DLT Formazione Blog\" \/>\n<meta property=\"article:publisher\" content=\"https:\/\/www.facebook.com\/dltformazione\/\" \/>\n<meta property=\"article:published_time\" content=\"2025-09-04T15:18:30+00:00\" \/>\n<meta property=\"article:modified_time\" content=\"2025-09-04T16:04:20+00:00\" \/>\n<meta property=\"og:image\" content=\"https:\/\/blog.dltformazione.it\/wp-content\/uploads\/2025\/09\/Depositphotos_177826850_XL-scaled-e1756999991844.jpg\" \/>\n\t<meta property=\"og:image:width\" content=\"1280\" \/>\n\t<meta property=\"og:image:height\" content=\"768\" \/>\n\t<meta property=\"og:image:type\" content=\"image\/jpeg\" \/>\n<meta name=\"author\" content=\"dltformazione\" \/>\n<meta name=\"twitter:card\" content=\"summary_large_image\" \/>\n<meta name=\"twitter:label1\" content=\"Scritto da\" \/>\n\t<meta name=\"twitter:data1\" content=\"dltformazione\" \/>\n\t<meta name=\"twitter:label2\" content=\"Tempo di lettura stimato\" \/>\n\t<meta name=\"twitter:data2\" content=\"8 minuti\" \/>\n<script type=\"application\/ld+json\" class=\"yoast-schema-graph\">{\"@context\":\"https:\\\/\\\/schema.org\",\"@graph\":[{\"@type\":\"Article\",\"@id\":\"https:\\\/\\\/blog.dltformazione.it\\\/index.php\\\/2025\\\/09\\\/04\\\/lobbligo-di-formazione-permanente-per-i-professionisti-tecnici-11-anni-dopo-unanalisi-critica\\\/#article\",\"isPartOf\":{\"@id\":\"https:\\\/\\\/blog.dltformazione.it\\\/index.php\\\/2025\\\/09\\\/04\\\/lobbligo-di-formazione-permanente-per-i-professionisti-tecnici-11-anni-dopo-unanalisi-critica\\\/\"},\"author\":{\"name\":\"dltformazione\",\"@id\":\"https:\\\/\\\/blog.dltformazione.it\\\/#\\\/schema\\\/person\\\/5800b6b71dd6c7c332e7dd27fb6cbad4\"},\"headline\":\"L&#8217;obbligo di formazione permanente per i professionisti tecnici: 11 anni dopo, un&#8217;analisi critica\",\"datePublished\":\"2025-09-04T15:18:30+00:00\",\"dateModified\":\"2025-09-04T16:04:20+00:00\",\"mainEntityOfPage\":{\"@id\":\"https:\\\/\\\/blog.dltformazione.it\\\/index.php\\\/2025\\\/09\\\/04\\\/lobbligo-di-formazione-permanente-per-i-professionisti-tecnici-11-anni-dopo-unanalisi-critica\\\/\"},\"wordCount\":5004,\"commentCount\":0,\"publisher\":{\"@id\":\"https:\\\/\\\/blog.dltformazione.it\\\/#organization\"},\"image\":{\"@id\":\"https:\\\/\\\/blog.dltformazione.it\\\/index.php\\\/2025\\\/09\\\/04\\\/lobbligo-di-formazione-permanente-per-i-professionisti-tecnici-11-anni-dopo-unanalisi-critica\\\/#primaryimage\"},\"thumbnailUrl\":\"https:\\\/\\\/blog.dltformazione.it\\\/wp-content\\\/uploads\\\/2025\\\/09\\\/Depositphotos_177826850_XL-scaled-e1756999991844.jpg\",\"keywords\":[\"cfp\",\"crediti formativi\",\"formazione\",\"professionisti\",\"sanzioni\"],\"articleSection\":[\"Formazione\",\"Mercato e Business\",\"Normative e Sicurezza\"],\"inLanguage\":\"it-IT\",\"potentialAction\":[{\"@type\":\"CommentAction\",\"name\":\"Comment\",\"target\":[\"https:\\\/\\\/blog.dltformazione.it\\\/index.php\\\/2025\\\/09\\\/04\\\/lobbligo-di-formazione-permanente-per-i-professionisti-tecnici-11-anni-dopo-unanalisi-critica\\\/#respond\"]}]},{\"@type\":\"WebPage\",\"@id\":\"https:\\\/\\\/blog.dltformazione.it\\\/index.php\\\/2025\\\/09\\\/04\\\/lobbligo-di-formazione-permanente-per-i-professionisti-tecnici-11-anni-dopo-unanalisi-critica\\\/\",\"url\":\"https:\\\/\\\/blog.dltformazione.it\\\/index.php\\\/2025\\\/09\\\/04\\\/lobbligo-di-formazione-permanente-per-i-professionisti-tecnici-11-anni-dopo-unanalisi-critica\\\/\",\"name\":\"L'obbligo di formazione permanente per i professionisti tecnici: 11 anni dopo, un'analisi critica - DLT Formazione Blog\",\"isPartOf\":{\"@id\":\"https:\\\/\\\/blog.dltformazione.it\\\/#website\"},\"primaryImageOfPage\":{\"@id\":\"https:\\\/\\\/blog.dltformazione.it\\\/index.php\\\/2025\\\/09\\\/04\\\/lobbligo-di-formazione-permanente-per-i-professionisti-tecnici-11-anni-dopo-unanalisi-critica\\\/#primaryimage\"},\"image\":{\"@id\":\"https:\\\/\\\/blog.dltformazione.it\\\/index.php\\\/2025\\\/09\\\/04\\\/lobbligo-di-formazione-permanente-per-i-professionisti-tecnici-11-anni-dopo-unanalisi-critica\\\/#primaryimage\"},\"thumbnailUrl\":\"https:\\\/\\\/blog.dltformazione.it\\\/wp-content\\\/uploads\\\/2025\\\/09\\\/Depositphotos_177826850_XL-scaled-e1756999991844.jpg\",\"datePublished\":\"2025-09-04T15:18:30+00:00\",\"dateModified\":\"2025-09-04T16:04:20+00:00\",\"description\":\"L'ultimo trimestre 2025 offre opportunit\u00e0 straordinarie per i professionisti tecnici nell'efficientamento energetico\",\"breadcrumb\":{\"@id\":\"https:\\\/\\\/blog.dltformazione.it\\\/index.php\\\/2025\\\/09\\\/04\\\/lobbligo-di-formazione-permanente-per-i-professionisti-tecnici-11-anni-dopo-unanalisi-critica\\\/#breadcrumb\"},\"inLanguage\":\"it-IT\",\"potentialAction\":[{\"@type\":\"ReadAction\",\"target\":[\"https:\\\/\\\/blog.dltformazione.it\\\/index.php\\\/2025\\\/09\\\/04\\\/lobbligo-di-formazione-permanente-per-i-professionisti-tecnici-11-anni-dopo-unanalisi-critica\\\/\"]}]},{\"@type\":\"ImageObject\",\"inLanguage\":\"it-IT\",\"@id\":\"https:\\\/\\\/blog.dltformazione.it\\\/index.php\\\/2025\\\/09\\\/04\\\/lobbligo-di-formazione-permanente-per-i-professionisti-tecnici-11-anni-dopo-unanalisi-critica\\\/#primaryimage\",\"url\":\"https:\\\/\\\/blog.dltformazione.it\\\/wp-content\\\/uploads\\\/2025\\\/09\\\/Depositphotos_177826850_XL-scaled-e1756999991844.jpg\",\"contentUrl\":\"https:\\\/\\\/blog.dltformazione.it\\\/wp-content\\\/uploads\\\/2025\\\/09\\\/Depositphotos_177826850_XL-scaled-e1756999991844.jpg\",\"width\":1280,\"height\":768,\"caption\":\"L'obbligo di formazione permanente per i professionisti tecnici: 11 anni dopo, un'analisi critica\"},{\"@type\":\"BreadcrumbList\",\"@id\":\"https:\\\/\\\/blog.dltformazione.it\\\/index.php\\\/2025\\\/09\\\/04\\\/lobbligo-di-formazione-permanente-per-i-professionisti-tecnici-11-anni-dopo-unanalisi-critica\\\/#breadcrumb\",\"itemListElement\":[{\"@type\":\"ListItem\",\"position\":1,\"name\":\"Home\",\"item\":\"https:\\\/\\\/blog.dltformazione.it\\\/\"},{\"@type\":\"ListItem\",\"position\":2,\"name\":\"L&#8217;obbligo di formazione permanente per i professionisti tecnici: 11 anni dopo, un&#8217;analisi critica\"}]},{\"@type\":\"WebSite\",\"@id\":\"https:\\\/\\\/blog.dltformazione.it\\\/#website\",\"url\":\"https:\\\/\\\/blog.dltformazione.it\\\/\",\"name\":\"DLT Formazione Blog\",\"description\":\"Dove i professionisti si informano e si formano\",\"publisher\":{\"@id\":\"https:\\\/\\\/blog.dltformazione.it\\\/#organization\"},\"potentialAction\":[{\"@type\":\"SearchAction\",\"target\":{\"@type\":\"EntryPoint\",\"urlTemplate\":\"https:\\\/\\\/blog.dltformazione.it\\\/?s={search_term_string}\"},\"query-input\":{\"@type\":\"PropertyValueSpecification\",\"valueRequired\":true,\"valueName\":\"search_term_string\"}}],\"inLanguage\":\"it-IT\"},{\"@type\":\"Organization\",\"@id\":\"https:\\\/\\\/blog.dltformazione.it\\\/#organization\",\"name\":\"DLT Formazione Blog\",\"url\":\"https:\\\/\\\/blog.dltformazione.it\\\/\",\"logo\":{\"@type\":\"ImageObject\",\"inLanguage\":\"it-IT\",\"@id\":\"https:\\\/\\\/blog.dltformazione.it\\\/#\\\/schema\\\/logo\\\/image\\\/\",\"url\":\"https:\\\/\\\/blog.dltformazione.it\\\/wp-content\\\/uploads\\\/2025\\\/08\\\/dlt_logo.jpg\",\"contentUrl\":\"https:\\\/\\\/blog.dltformazione.it\\\/wp-content\\\/uploads\\\/2025\\\/08\\\/dlt_logo.jpg\",\"width\":1002,\"height\":1000,\"caption\":\"DLT Formazione Blog\"},\"image\":{\"@id\":\"https:\\\/\\\/blog.dltformazione.it\\\/#\\\/schema\\\/logo\\\/image\\\/\"},\"sameAs\":[\"https:\\\/\\\/www.facebook.com\\\/dltformazione\\\/\",\"https:\\\/\\\/www.instagram.com\\\/dltformazionecorsi\\\/\"]},{\"@type\":\"Person\",\"@id\":\"https:\\\/\\\/blog.dltformazione.it\\\/#\\\/schema\\\/person\\\/5800b6b71dd6c7c332e7dd27fb6cbad4\",\"name\":\"dltformazione\",\"image\":{\"@type\":\"ImageObject\",\"inLanguage\":\"it-IT\",\"@id\":\"https:\\\/\\\/secure.gravatar.com\\\/avatar\\\/5adbb8d66fe37af5a248e54596f7865361352912154a2bf3ccf19aa23ae83bda?s=96&d=mm&r=g\",\"url\":\"https:\\\/\\\/secure.gravatar.com\\\/avatar\\\/5adbb8d66fe37af5a248e54596f7865361352912154a2bf3ccf19aa23ae83bda?s=96&d=mm&r=g\",\"contentUrl\":\"https:\\\/\\\/secure.gravatar.com\\\/avatar\\\/5adbb8d66fe37af5a248e54596f7865361352912154a2bf3ccf19aa23ae83bda?s=96&d=mm&r=g\",\"caption\":\"dltformazione\"},\"sameAs\":[\"https:\\\/\\\/blog.dltformazione.it\\\/\"],\"url\":\"https:\\\/\\\/blog.dltformazione.it\\\/index.php\\\/author\\\/dltformazione\\\/\"}]}<\/script>\n<!-- \/ Yoast SEO plugin. -->","yoast_head_json":{"title":"L'obbligo di formazione permanente per i professionisti tecnici: 11 anni dopo, un'analisi critica - DLT Formazione Blog","description":"L'ultimo trimestre 2025 offre opportunit\u00e0 straordinarie per i professionisti tecnici nell'efficientamento energetico","robots":{"index":"index","follow":"follow","max-snippet":"max-snippet:-1","max-image-preview":"max-image-preview:large","max-video-preview":"max-video-preview:-1"},"canonical":"https:\/\/blog.dltformazione.it\/index.php\/2025\/09\/04\/lobbligo-di-formazione-permanente-per-i-professionisti-tecnici-11-anni-dopo-unanalisi-critica\/","og_locale":"it_IT","og_type":"article","og_title":"L'obbligo di formazione permanente per i professionisti tecnici: 11 anni dopo, un'analisi critica - DLT Formazione Blog","og_description":"L'ultimo trimestre 2025 offre opportunit\u00e0 straordinarie per i professionisti tecnici nell'efficientamento energetico","og_url":"https:\/\/blog.dltformazione.it\/index.php\/2025\/09\/04\/lobbligo-di-formazione-permanente-per-i-professionisti-tecnici-11-anni-dopo-unanalisi-critica\/","og_site_name":"DLT Formazione Blog","article_publisher":"https:\/\/www.facebook.com\/dltformazione\/","article_published_time":"2025-09-04T15:18:30+00:00","article_modified_time":"2025-09-04T16:04:20+00:00","og_image":[{"width":1280,"height":768,"url":"https:\/\/blog.dltformazione.it\/wp-content\/uploads\/2025\/09\/Depositphotos_177826850_XL-scaled-e1756999991844.jpg","type":"image\/jpeg"}],"author":"dltformazione","twitter_card":"summary_large_image","twitter_misc":{"Scritto da":"dltformazione","Tempo di lettura stimato":"8 minuti"},"schema":{"@context":"https:\/\/schema.org","@graph":[{"@type":"Article","@id":"https:\/\/blog.dltformazione.it\/index.php\/2025\/09\/04\/lobbligo-di-formazione-permanente-per-i-professionisti-tecnici-11-anni-dopo-unanalisi-critica\/#article","isPartOf":{"@id":"https:\/\/blog.dltformazione.it\/index.php\/2025\/09\/04\/lobbligo-di-formazione-permanente-per-i-professionisti-tecnici-11-anni-dopo-unanalisi-critica\/"},"author":{"name":"dltformazione","@id":"https:\/\/blog.dltformazione.it\/#\/schema\/person\/5800b6b71dd6c7c332e7dd27fb6cbad4"},"headline":"L&#8217;obbligo di formazione permanente per i professionisti tecnici: 11 anni dopo, un&#8217;analisi critica","datePublished":"2025-09-04T15:18:30+00:00","dateModified":"2025-09-04T16:04:20+00:00","mainEntityOfPage":{"@id":"https:\/\/blog.dltformazione.it\/index.php\/2025\/09\/04\/lobbligo-di-formazione-permanente-per-i-professionisti-tecnici-11-anni-dopo-unanalisi-critica\/"},"wordCount":5004,"commentCount":0,"publisher":{"@id":"https:\/\/blog.dltformazione.it\/#organization"},"image":{"@id":"https:\/\/blog.dltformazione.it\/index.php\/2025\/09\/04\/lobbligo-di-formazione-permanente-per-i-professionisti-tecnici-11-anni-dopo-unanalisi-critica\/#primaryimage"},"thumbnailUrl":"https:\/\/blog.dltformazione.it\/wp-content\/uploads\/2025\/09\/Depositphotos_177826850_XL-scaled-e1756999991844.jpg","keywords":["cfp","crediti formativi","formazione","professionisti","sanzioni"],"articleSection":["Formazione","Mercato e Business","Normative e Sicurezza"],"inLanguage":"it-IT","potentialAction":[{"@type":"CommentAction","name":"Comment","target":["https:\/\/blog.dltformazione.it\/index.php\/2025\/09\/04\/lobbligo-di-formazione-permanente-per-i-professionisti-tecnici-11-anni-dopo-unanalisi-critica\/#respond"]}]},{"@type":"WebPage","@id":"https:\/\/blog.dltformazione.it\/index.php\/2025\/09\/04\/lobbligo-di-formazione-permanente-per-i-professionisti-tecnici-11-anni-dopo-unanalisi-critica\/","url":"https:\/\/blog.dltformazione.it\/index.php\/2025\/09\/04\/lobbligo-di-formazione-permanente-per-i-professionisti-tecnici-11-anni-dopo-unanalisi-critica\/","name":"L'obbligo di formazione permanente per i professionisti tecnici: 11 anni dopo, un'analisi critica - DLT Formazione Blog","isPartOf":{"@id":"https:\/\/blog.dltformazione.it\/#website"},"primaryImageOfPage":{"@id":"https:\/\/blog.dltformazione.it\/index.php\/2025\/09\/04\/lobbligo-di-formazione-permanente-per-i-professionisti-tecnici-11-anni-dopo-unanalisi-critica\/#primaryimage"},"image":{"@id":"https:\/\/blog.dltformazione.it\/index.php\/2025\/09\/04\/lobbligo-di-formazione-permanente-per-i-professionisti-tecnici-11-anni-dopo-unanalisi-critica\/#primaryimage"},"thumbnailUrl":"https:\/\/blog.dltformazione.it\/wp-content\/uploads\/2025\/09\/Depositphotos_177826850_XL-scaled-e1756999991844.jpg","datePublished":"2025-09-04T15:18:30+00:00","dateModified":"2025-09-04T16:04:20+00:00","description":"L'ultimo trimestre 2025 offre opportunit\u00e0 straordinarie per i professionisti tecnici nell'efficientamento energetico","breadcrumb":{"@id":"https:\/\/blog.dltformazione.it\/index.php\/2025\/09\/04\/lobbligo-di-formazione-permanente-per-i-professionisti-tecnici-11-anni-dopo-unanalisi-critica\/#breadcrumb"},"inLanguage":"it-IT","potentialAction":[{"@type":"ReadAction","target":["https:\/\/blog.dltformazione.it\/index.php\/2025\/09\/04\/lobbligo-di-formazione-permanente-per-i-professionisti-tecnici-11-anni-dopo-unanalisi-critica\/"]}]},{"@type":"ImageObject","inLanguage":"it-IT","@id":"https:\/\/blog.dltformazione.it\/index.php\/2025\/09\/04\/lobbligo-di-formazione-permanente-per-i-professionisti-tecnici-11-anni-dopo-unanalisi-critica\/#primaryimage","url":"https:\/\/blog.dltformazione.it\/wp-content\/uploads\/2025\/09\/Depositphotos_177826850_XL-scaled-e1756999991844.jpg","contentUrl":"https:\/\/blog.dltformazione.it\/wp-content\/uploads\/2025\/09\/Depositphotos_177826850_XL-scaled-e1756999991844.jpg","width":1280,"height":768,"caption":"L'obbligo di formazione permanente per i professionisti tecnici: 11 anni dopo, un'analisi critica"},{"@type":"BreadcrumbList","@id":"https:\/\/blog.dltformazione.it\/index.php\/2025\/09\/04\/lobbligo-di-formazione-permanente-per-i-professionisti-tecnici-11-anni-dopo-unanalisi-critica\/#breadcrumb","itemListElement":[{"@type":"ListItem","position":1,"name":"Home","item":"https:\/\/blog.dltformazione.it\/"},{"@type":"ListItem","position":2,"name":"L&#8217;obbligo di formazione permanente per i professionisti tecnici: 11 anni dopo, un&#8217;analisi critica"}]},{"@type":"WebSite","@id":"https:\/\/blog.dltformazione.it\/#website","url":"https:\/\/blog.dltformazione.it\/","name":"DLT Formazione Blog","description":"Dove i professionisti si informano e si formano","publisher":{"@id":"https:\/\/blog.dltformazione.it\/#organization"},"potentialAction":[{"@type":"SearchAction","target":{"@type":"EntryPoint","urlTemplate":"https:\/\/blog.dltformazione.it\/?s={search_term_string}"},"query-input":{"@type":"PropertyValueSpecification","valueRequired":true,"valueName":"search_term_string"}}],"inLanguage":"it-IT"},{"@type":"Organization","@id":"https:\/\/blog.dltformazione.it\/#organization","name":"DLT Formazione Blog","url":"https:\/\/blog.dltformazione.it\/","logo":{"@type":"ImageObject","inLanguage":"it-IT","@id":"https:\/\/blog.dltformazione.it\/#\/schema\/logo\/image\/","url":"https:\/\/blog.dltformazione.it\/wp-content\/uploads\/2025\/08\/dlt_logo.jpg","contentUrl":"https:\/\/blog.dltformazione.it\/wp-content\/uploads\/2025\/08\/dlt_logo.jpg","width":1002,"height":1000,"caption":"DLT Formazione Blog"},"image":{"@id":"https:\/\/blog.dltformazione.it\/#\/schema\/logo\/image\/"},"sameAs":["https:\/\/www.facebook.com\/dltformazione\/","https:\/\/www.instagram.com\/dltformazionecorsi\/"]},{"@type":"Person","@id":"https:\/\/blog.dltformazione.it\/#\/schema\/person\/5800b6b71dd6c7c332e7dd27fb6cbad4","name":"dltformazione","image":{"@type":"ImageObject","inLanguage":"it-IT","@id":"https:\/\/secure.gravatar.com\/avatar\/5adbb8d66fe37af5a248e54596f7865361352912154a2bf3ccf19aa23ae83bda?s=96&d=mm&r=g","url":"https:\/\/secure.gravatar.com\/avatar\/5adbb8d66fe37af5a248e54596f7865361352912154a2bf3ccf19aa23ae83bda?s=96&d=mm&r=g","contentUrl":"https:\/\/secure.gravatar.com\/avatar\/5adbb8d66fe37af5a248e54596f7865361352912154a2bf3ccf19aa23ae83bda?s=96&d=mm&r=g","caption":"dltformazione"},"sameAs":["https:\/\/blog.dltformazione.it\/"],"url":"https:\/\/blog.dltformazione.it\/index.php\/author\/dltformazione\/"}]}},"_links":{"self":[{"href":"https:\/\/blog.dltformazione.it\/index.php\/wp-json\/wp\/v2\/posts\/2358","targetHints":{"allow":["GET"]}}],"collection":[{"href":"https:\/\/blog.dltformazione.it\/index.php\/wp-json\/wp\/v2\/posts"}],"about":[{"href":"https:\/\/blog.dltformazione.it\/index.php\/wp-json\/wp\/v2\/types\/post"}],"author":[{"embeddable":true,"href":"https:\/\/blog.dltformazione.it\/index.php\/wp-json\/wp\/v2\/users\/1"}],"replies":[{"embeddable":true,"href":"https:\/\/blog.dltformazione.it\/index.php\/wp-json\/wp\/v2\/comments?post=2358"}],"version-history":[{"count":8,"href":"https:\/\/blog.dltformazione.it\/index.php\/wp-json\/wp\/v2\/posts\/2358\/revisions"}],"predecessor-version":[{"id":2367,"href":"https:\/\/blog.dltformazione.it\/index.php\/wp-json\/wp\/v2\/posts\/2358\/revisions\/2367"}],"wp:featuredmedia":[{"embeddable":true,"href":"https:\/\/blog.dltformazione.it\/index.php\/wp-json\/wp\/v2\/media\/2366"}],"wp:attachment":[{"href":"https:\/\/blog.dltformazione.it\/index.php\/wp-json\/wp\/v2\/media?parent=2358"}],"wp:term":[{"taxonomy":"category","embeddable":true,"href":"https:\/\/blog.dltformazione.it\/index.php\/wp-json\/wp\/v2\/categories?post=2358"},{"taxonomy":"post_tag","embeddable":true,"href":"https:\/\/blog.dltformazione.it\/index.php\/wp-json\/wp\/v2\/tags?post=2358"}],"curies":[{"name":"wp","href":"https:\/\/api.w.org\/{rel}","templated":true}]}}