{"id":2389,"date":"2025-09-15T13:02:26","date_gmt":"2025-09-15T13:02:26","guid":{"rendered":"https:\/\/blog.dltformazione.it\/?p=2389"},"modified":"2025-09-15T13:57:58","modified_gmt":"2025-09-15T13:57:58","slug":"design-per-spazi-piccoli-soluzioni-multifunzionali-e-tendenze-cromatiche-per-abitazioni-compatte","status":"publish","type":"post","link":"https:\/\/blog.dltformazione.it\/index.php\/2025\/09\/15\/design-per-spazi-piccoli-soluzioni-multifunzionali-e-tendenze-cromatiche-per-abitazioni-compatte\/","title":{"rendered":"Design per spazi piccoli: soluzioni multifunzionali e tendenze cromatiche per abitazioni compatte"},"content":{"rendered":"<div class=\"fusion-fullwidth fullwidth-box fusion-builder-row-1 fusion-flex-container has-pattern-background has-mask-background nonhundred-percent-fullwidth non-hundred-percent-height-scrolling\" style=\"--awb-border-radius-top-left:0px;--awb-border-radius-top-right:0px;--awb-border-radius-bottom-right:0px;--awb-border-radius-bottom-left:0px;--awb-padding-top:0px;--awb-margin-top:0px;--awb-flex-wrap:wrap;\" ><div class=\"fusion-builder-row fusion-row fusion-flex-align-items-flex-start fusion-flex-content-wrap\" style=\"max-width:1302px;margin-left: calc(-5% \/ 2 );margin-right: calc(-5% \/ 2 );\"><div class=\"fusion-layout-column fusion_builder_column fusion-builder-column-0 fusion_builder_column_1_1 1_1 fusion-flex-column fusion-flex-align-self-flex-start\" style=\"--awb-bg-size:cover;--awb-width-large:100%;--awb-margin-top-large:0px;--awb-spacing-right-large:0px;--awb-margin-bottom-large:0px;--awb-spacing-left-large:0px;--awb-width-medium:100%;--awb-order-medium:0;--awb-spacing-right-medium:0px;--awb-spacing-left-medium:0px;--awb-width-small:100%;--awb-order-small:0;--awb-spacing-right-small:2.375%;--awb-spacing-left-small:2.375%;\"><div class=\"fusion-column-wrapper fusion-column-has-shadow fusion-flex-justify-content-flex-start fusion-content-layout-column\"><div class=\"fusion-text fusion-text-1\" style=\"--awb-content-alignment:left;\"><div style=\"text-align: justify;\">Con l\u2019aumento dei costi dell\u2019immobiliare e la crescente densit\u00e0 urbana, sempre pi\u00f9 persone vivono in appartamenti di piccole dimensioni (micro-appartamenti, monolocali). In questo contesto, progettare bene significa coniugare estetica, comfort e funzionalit\u00e0, sfruttando ogni centimetro. In questo articolo esploreremo le soluzioni multifunzionali pi\u00f9 efficaci, le tendenze cromatiche pi\u00f9 attuali, e le strategie di design che permettono di rendere accoglienti e vivibili anche gli spazi ridotti.<\/div>\n<\/div><div class=\"fusion-title title fusion-title-1 fusion-sep-none fusion-title-text fusion-title-size-four\" style=\"--awb-margin-top:20px;--awb-margin-top-small:50px;--awb-margin-right-small:0px;--awb-margin-bottom-small:10px;--awb-margin-left-small:0px;\"><h4 class=\"fusion-title-heading title-heading-left\" style=\"margin:0;\">Le sfide di abitare spazi ridotti<\/h4><\/div><div class=\"fusion-text fusion-text-2\" style=\"--awb-content-alignment:justify;\"><div style=\"text-align: justify;\">\n<ul>\n<li>Spazio limitato, che obbliga a pensare con criteri nuovi: niente superfici inutilizzate, pochi arredi, massima efficienza.<\/li>\n<li data-start=\"839\" data-end=\"948\">\n<p data-start=\"841\" data-end=\"948\">Finestrature spesso insufficienti o collocate in modo da non illuminare uniformemente tutti gli ambienti.<\/p>\n<\/li>\n<li data-start=\"949\" data-end=\"1055\">\n<p data-start=\"951\" data-end=\"1055\">Necessit\u00e0 di flessibilit\u00e0: il living pu\u00f2 essere al tempo stesso zona pranzo, studio o camera da letto.<\/p>\n<\/li>\n<li data-start=\"1056\" data-end=\"1168\">\n<p data-start=\"1058\" data-end=\"1168\">Propriet\u00e0 condominiali, normative edilizie e vincoli architettonici che spesso limitano modifiche strutturali.<\/p>\n<\/li>\n<\/ul>\n<\/div>\n<\/div><div class=\"fusion-title title fusion-title-2 fusion-sep-none fusion-title-text fusion-title-size-four\" style=\"--awb-margin-top:20px;--awb-margin-top-small:50px;--awb-margin-right-small:0px;--awb-margin-bottom-small:10px;--awb-margin-left-small:0px;\"><h4 class=\"fusion-title-heading title-heading-left\" style=\"margin:0;\">Soluzioni multifunzionali: gli arredi che fanno la differenza<\/h4><\/div><div class=\"fusion-text fusion-text-3\"><div style=\"text-align: justify;\">\n<p>Le soluzioni pi\u00f9 efficaci per ottimizzare spazi ridotti si basano su principi di versatilit\u00e0 e multifunzionalit\u00e0:<\/p>\n<p class=\"whitespace-normal break-words\"><strong>Letti trasformabili o a scomparsa<\/strong> &#8211; Questi elementi permettono di liberare completamente lo spazio durante il giorno, trasformando la camera da letto in zona living o studio. Le varianti includono letti contenitore che offrono spazio aggiuntivo per il deposito.<\/p>\n<p class=\"whitespace-normal break-words\"><strong>Mobili componibili e modulari<\/strong> &#8211; Sistemi flessibili che si adattano alle dimensioni e forme degli ambienti, sfruttando al meglio l&#8217;altezza disponibile. Particolarmente utili per nicchie, sottoscala e pareti irregolari, permettendo configurazioni personalizzate.<\/p>\n<p class=\"whitespace-normal break-words\"><strong>Arredi trasformabili per zone multiple<\/strong> &#8211; Elementi che cambiano funzione secondo le necessit\u00e0: tavoli che si allungano per le occasioni, sedute pieghevoli, superfici che passano da tavolino a scrivania. Ideali per ambienti unici che devono servire pi\u00f9 funzioni.<\/p>\n<p class=\"whitespace-normal break-words\"><strong>Ottimizzazione verticale e spazi nascosti<\/strong> &#8211; Sfruttamento sistematico dell&#8217;altezza attraverso mensole, armadi a tutta parete e nicchie integrate. Include l&#8217;utilizzo creativo di sottoscala, soppalchi e ogni centimetro disponibile in verticale.<\/p>\n<\/div>\n<\/div><div class=\"fusion-title title fusion-title-3 fusion-sep-none fusion-title-text fusion-title-size-four\" style=\"--awb-margin-top:20px;--awb-margin-top-small:50px;--awb-margin-right-small:0px;--awb-margin-bottom-small:10px;--awb-margin-left-small:0px;\"><h4 class=\"fusion-title-heading title-heading-left\" style=\"margin:0;\">Tendenze cromatiche 2025 per piccole abitazioni<\/h4><\/div><div class=\"fusion-text fusion-text-4\" style=\"--awb-content-alignment:justify;\"><p class=\"whitespace-normal break-words\"><strong>Il ruolo strategico dei colori nella percezione dello spazio<\/strong><\/p>\n<p class=\"whitespace-normal break-words\">La scelta cromatica influenza profondamente la percezione delle dimensioni ambientali e pu\u00f2 trasformare completamente la sensazione di ampiezza:<\/p>\n<p class=\"whitespace-normal break-words\"><strong>Toni neutri caldi<\/strong> &#8211; Le nuance come beige, sabbia e crema creano atmosfere accoglienti senza appesantire visivamente l&#8217;ambiente. I neutri con sottotoni terrosi o leggermente smorzati mantengono la luminosit\u00e0 offrendo al contempo una sensazione di comfort.<\/p>\n<p class=\"whitespace-normal break-words\"><strong>Colori pastello e tinte chiare<\/strong> &#8211; Le tonalit\u00e0 delicate come azzurro tenue o gialli soft massimizzano la riflessione della luce naturale, contribuendo significativamente all&#8217;ampliamento visivo degli spazi. Questi colori creano continuit\u00e0 e fluidit\u00e0 tra le superfici.<\/p>\n<p class=\"whitespace-normal break-words\"><strong>Verde nelle sue declinazioni soft<\/strong> &#8211; Le tonalit\u00e0 come il verde salvia si rivelano particolarmente efficaci per elementi di accento o superfici secondarie, creando equilibrio quando abbinate a neutri chiari e apportando un tocco di freschezza naturale.<\/p>\n<p class=\"whitespace-normal break-words\"><strong>Palette cromatiche armoniose<\/strong> &#8211; L&#8217;approccio pi\u00f9 efficace prevede l&#8217;accostamento di pochi colori complementari, integrati con materiali naturali come legni chiari, tessuti texturizzati e finiture opache o satinate. Questo evita riflessi eccessivi che potrebbero evidenziare i limiti spaziali, mantenendo invece una continuit\u00e0 visiva fluida.<\/p>\n<\/div><div class=\"fusion-title title fusion-title-4 fusion-sep-none fusion-title-text fusion-title-size-four\" style=\"--awb-margin-top:20px;--awb-margin-top-small:50px;--awb-margin-right-small:0px;--awb-margin-bottom-small:10px;--awb-margin-left-small:0px;\"><h4 class=\"fusion-title-heading title-heading-left\" style=\"margin:0;\">Strategie pratiche nella progettazione interna<\/h4><\/div><div class=\"fusion-text fusion-text-5\"><div style=\"text-align: justify;\">\n<p class=\"whitespace-normal break-words\">Le linee guida fondamentali per ottimizzare gli spazi ridotti si articolano in approcci integrati e complementari:<\/p>\n<p class=\"whitespace-normal break-words\"><strong>Progettazione flessibile<\/strong> &#8211; Il progetto deve contemplare elementi trasformabili che modificano la loro funzione secondo le necessit\u00e0. Pareti mobili, arredi a scomparsa e elementi richiudibili permettono di adattare continuamente lo spazio alle diverse attivit\u00e0 quotidiane, massimizzando l&#8217;utilizzo di ogni metro quadro.<\/p>\n<p class=\"whitespace-normal break-words\"><strong>Strategia illuminotecnica integrata<\/strong> &#8211; L&#8217;illuminazione richiede un approccio su pi\u00f9 livelli: ottimizzazione della luce naturale attraverso orientamento e uso strategico di superfici riflettenti, combinata con illuminazione artificiale stratificata. Quest&#8217;ultima deve prevedere luce diffusa generale, punti funzionali mirati e illuminazione d&#8217;accento per creare profondit\u00e0 e definire visivamente le diverse zone.<\/p>\n<p class=\"whitespace-normal break-words\"><strong>Riduzione dell&#8217;impatto visivo<\/strong> &#8211; La progettazione deve minimizzare l&#8217;ingombro percettivo attraverso la selezione di arredi dalle linee essenziali, gambe sottili e soluzioni sospese. Le divisioni dovrebbero essere fluide e permeabili per preservare la continuit\u00e0 visiva, evitando elementi decorativi eccessivi che frammentano lo spazio.<\/p>\n<p class=\"whitespace-normal break-words\"><strong>Coerenza materica e cromatica<\/strong> &#8211; L&#8217;approccio materico deve privilegiare elementi naturali dalle texture leggere e finiture non eccessivamente riflettenti. L&#8217;integrazione armoniosa di legni chiari, tessuti con carattere tattile e accenti metallici minimi crea un ambiente uniforme che amplifica la percezione spaziale.<\/p>\n<\/div>\n<\/div><div class=\"fusion-image-element \" style=\"--awb-caption-title-font-family:var(--h2_typography-font-family);--awb-caption-title-font-weight:var(--h2_typography-font-weight);--awb-caption-title-font-style:var(--h2_typography-font-style);--awb-caption-title-size:var(--h2_typography-font-size);--awb-caption-title-transform:var(--h2_typography-text-transform);--awb-caption-title-line-height:var(--h2_typography-line-height);--awb-caption-title-letter-spacing:var(--h2_typography-letter-spacing);\"><span class=\" fusion-imageframe imageframe-none imageframe-1 hover-type-none\"><img decoding=\"async\" width=\"1024\" height=\"880\" alt=\"Design per spazi piccoli: soluzioni multifunzionali e tendenze cromatiche per abitazioni compatte\" title=\"divisione degli spazi\" src=\"https:\/\/blog.dltformazione.it\/wp-content\/uploads\/2025\/09\/divisione-degli-spazi-e1757944657384.png\" data-orig-src=\"https:\/\/blog.dltformazione.it\/wp-content\/uploads\/2025\/09\/divisione-degli-spazi-e1757944657384.png\" class=\"lazyload img-responsive wp-image-2396\" srcset=\"data:image\/svg+xml,%3Csvg%20xmlns%3D%27http%3A%2F%2Fwww.w3.org%2F2000%2Fsvg%27%20width%3D%271024%27%20height%3D%27880%27%20viewBox%3D%270%200%201024%20880%27%3E%3Crect%20width%3D%271024%27%20height%3D%27880%27%20fill-opacity%3D%220%22%2F%3E%3C%2Fsvg%3E\" data-srcset=\"https:\/\/blog.dltformazione.it\/wp-content\/uploads\/2025\/09\/divisione-degli-spazi-e1757944657384-200x172.png 200w, https:\/\/blog.dltformazione.it\/wp-content\/uploads\/2025\/09\/divisione-degli-spazi-e1757944657384-400x344.png 400w, https:\/\/blog.dltformazione.it\/wp-content\/uploads\/2025\/09\/divisione-degli-spazi-e1757944657384-600x516.png 600w, https:\/\/blog.dltformazione.it\/wp-content\/uploads\/2025\/09\/divisione-degli-spazi-e1757944657384-800x688.png 800w, https:\/\/blog.dltformazione.it\/wp-content\/uploads\/2025\/09\/divisione-degli-spazi-e1757944657384.png 1024w\" data-sizes=\"auto\" data-orig-sizes=\"(max-width: 800px) 100vw, 1024px\" \/><\/span><\/div><div class=\"fusion-title title fusion-title-5 fusion-sep-none fusion-title-text fusion-title-size-four\" style=\"--awb-margin-top:20px;--awb-margin-top-small:30px;--awb-margin-right-small:0px;--awb-margin-bottom-small:10px;--awb-margin-left-small:0px;\"><h4 class=\"fusion-title-heading title-heading-left\" style=\"margin:0;\">Futuro e prospettive<\/h4><\/div><div class=\"fusion-text fusion-text-6\" style=\"--awb-content-alignment:justify;\"><p><strong>Spazi sempre pi\u00f9 smart: l&#8217;evoluzione dell&#8217;abitare contemporaneo<\/strong><\/p>\n<p>L&#8217;trasformazione delle dinamiche abitative, accelerata dal consolidamento dello smart-working e dall&#8217;intensificazione dell&#8217;uso domestico degli ambienti, sta ridefinendo completamente le esigenze progettuali degli spazi residenziali.<\/p>\n<p><strong>Adattabilit\u00e0 come requisito fondamentale<\/strong> &#8211; La crescente ibridazione funzionale degli ambienti domestici genera una domanda sempre maggiore di soluzioni adattive e modulari. Gli utenti necessitano di spazi che possano trasformarsi rapidamente da ufficio a zona relax, da area pranzo a studio creativo, richiedendo arredi intelligenti capaci di rispondere a questa flessibilit\u00e0 d&#8217;uso. Questa evoluzione comporta lo sviluppo di sistemi sempre pi\u00f9 sofisticati di mobili trasformabili, pareti mobili e soluzioni tecnologiche integrate.<\/p>\n<p><strong>Personalizzazione e modularit\u00e0 avanzata<\/strong> &#8211; La standardizzazione lascia progressivamente spazio a soluzioni su misura che permettono agli abitanti di riconfigurare continuamente i propri spazi. I sistemi modulari evolvono verso maggiore versatilit\u00e0, offrendo componenti intercambiabili e configurazioni infinite che si adattano non solo alle dimensioni fisiche degli ambienti, ma anche ai cambiamenti delle abitudini di vita nel tempo.<\/p>\n<p><strong>Sostenibilit\u00e0 come imperativo progettuale<\/strong> &#8211; La crescente sensibilit\u00e0 ambientale si traduce nell&#8217;adozione sistematica di materiali ecocompatibili, processi produttivi a basso impatto e criteri di durabilit\u00e0 estesa. Anche negli spazi ridotti, la sostenibilit\u00e0 diventa criterio progettuale primario, influenzando la selezione di finiture, l&#8217;ottimizzazione energetica e la possibilit\u00e0 di riutilizzo degli elementi d&#8217;arredo.<\/p>\n<p><strong>Evoluzione cromatica e sensoriale<\/strong> &#8211; Le palette cromatiche si orientano verso equilibri sempre pi\u00f9 raffinati tra naturalezza e carattere. I toni naturali forniscono la base neutra necessaria alla flessibilit\u00e0 funzionale, mentre accenti cromatici selezionati e limitati permettono di personalizzare e caratterizzare gli ambienti senza compromettere la percezione spaziale. Questa evoluzione si accompagna a una maggiore attenzione alle qualit\u00e0 tattili e sensoriali dei materiali, che contribuiscono al benessere abitativo.<\/p>\n<p><strong>Integrazione tecnologica invisibile<\/strong> &#8211; La tecnologia si integra sempre pi\u00f9 discretamente negli ambienti, supportando la trasformabilit\u00e0 degli spazi attraverso sistemi di automazione, illuminazione adattiva e controllo climatico intelligente. L&#8217;obiettivo \u00e8 creare ambienti che rispondano automaticamente alle diverse necessit\u00e0 funzionali senza compromettere l&#8217;estetica o occupare spazio prezioso.<\/p>\n<\/div><div class=\"fusion-title title fusion-title-6 fusion-sep-none fusion-title-text fusion-title-size-four\" style=\"--awb-margin-top:20px;--awb-margin-top-small:30px;--awb-margin-right-small:0px;--awb-margin-bottom-small:10px;--awb-margin-left-small:0px;\"><h4 class=\"fusion-title-heading title-heading-left\" style=\"margin:0;\">Conclusioni<\/h4><\/div><div class=\"fusion-text fusion-text-7\" style=\"--awb-content-alignment:justify;\"><div style=\"text-align: justify;\">\n<p data-start=\"5813\" data-end=\"6399\">Progettare per spazi piccoli non \u00e8 un compromesso, \u00e8 un esercizio creativo che richiede attenzione, inventiva e cura nei dettagli. Le soluzioni multifunzionali, unite a una scelta cromatica ben studiata, permettono di trasformare ambienti limitati in case accoglienti, eleganti e funzionali. Se sei interessato a queste soluzioni, la formazione specialistica pu\u00f2 fare la differenza: comprendere le tecniche costruttive, i software di progettazione, e la psicologia dello spazio \u00e8 fondamentale per diventare un professionista capace di disegnare il benessere anche dove lo spazio \u00e8 poco.<br \/>\nFormati con i nostri corsi di design su <a href=\"https:\/\/dltformazione.it\">https:\/\/dltformazione.it<\/a><\/p>\n<\/div>\n<\/div><\/div><\/div><\/div><\/div>\n","protected":false},"excerpt":{"rendered":"<p>Elementum nulla turpis cursus. Integer liberos kusto euismod aene pretium faucibus &#8230;<\/p>\n","protected":false},"author":1,"featured_media":2390,"comment_status":"open","ping_status":"open","sticky":false,"template":"","format":"standard","meta":{"_acf_changed":false,"footnotes":""},"categories":[76,8],"tags":[91,92,70,93],"class_list":["post-2389","post","type-post","status-publish","format-standard","has-post-thumbnail","hentry","category-design","category-progettazione","tag-design","tag-interior","tag-progettazione","tag-spazi-multifunzionali"],"acf":[],"yoast_head":"<!-- This site is optimized with the Yoast SEO plugin v27.4 - https:\/\/yoast.com\/product\/yoast-seo-wordpress\/ -->\n<title>Design per spazi piccoli: soluzioni multifunzionali e tendenze cromatiche per abitazioni compatte<\/title>\n<meta name=\"description\" content=\"Design per spazi piccoli: soluzioni multifunzionali e tendenze cromatiche per abitazioni compatte\" \/>\n<meta name=\"robots\" content=\"index, follow, max-snippet:-1, max-image-preview:large, max-video-preview:-1\" \/>\n<link rel=\"canonical\" href=\"https:\/\/blog.dltformazione.it\/index.php\/2025\/09\/15\/design-per-spazi-piccoli-soluzioni-multifunzionali-e-tendenze-cromatiche-per-abitazioni-compatte\/\" \/>\n<meta property=\"og:locale\" content=\"it_IT\" \/>\n<meta property=\"og:type\" content=\"article\" \/>\n<meta property=\"og:title\" content=\"Design per spazi piccoli: soluzioni multifunzionali e tendenze cromatiche per abitazioni compatte\" \/>\n<meta property=\"og:description\" content=\"Design per spazi piccoli: soluzioni multifunzionali e tendenze cromatiche per abitazioni compatte\" \/>\n<meta property=\"og:url\" content=\"https:\/\/blog.dltformazione.it\/index.php\/2025\/09\/15\/design-per-spazi-piccoli-soluzioni-multifunzionali-e-tendenze-cromatiche-per-abitazioni-compatte\/\" \/>\n<meta property=\"og:site_name\" content=\"DLT Formazione Blog\" \/>\n<meta property=\"article:publisher\" content=\"https:\/\/www.facebook.com\/dltformazione\/\" \/>\n<meta property=\"article:published_time\" content=\"2025-09-15T13:02:26+00:00\" \/>\n<meta property=\"article:modified_time\" content=\"2025-09-15T13:57:58+00:00\" \/>\n<meta property=\"og:image\" content=\"https:\/\/blog.dltformazione.it\/wp-content\/uploads\/2025\/09\/spazi-multifunzionali-1024x683.png\" \/>\n\t<meta property=\"og:image:width\" content=\"1024\" \/>\n\t<meta property=\"og:image:height\" content=\"683\" \/>\n\t<meta property=\"og:image:type\" content=\"image\/png\" \/>\n<meta name=\"author\" content=\"dltformazione\" \/>\n<meta name=\"twitter:card\" content=\"summary_large_image\" \/>\n<meta name=\"twitter:label1\" content=\"Scritto da\" \/>\n\t<meta name=\"twitter:data1\" content=\"dltformazione\" \/>\n\t<meta name=\"twitter:label2\" content=\"Tempo di lettura stimato\" \/>\n\t<meta name=\"twitter:data2\" content=\"7 minuti\" \/>\n<script type=\"application\/ld+json\" class=\"yoast-schema-graph\">{\"@context\":\"https:\\\/\\\/schema.org\",\"@graph\":[{\"@type\":\"Article\",\"@id\":\"https:\\\/\\\/blog.dltformazione.it\\\/index.php\\\/2025\\\/09\\\/15\\\/design-per-spazi-piccoli-soluzioni-multifunzionali-e-tendenze-cromatiche-per-abitazioni-compatte\\\/#article\",\"isPartOf\":{\"@id\":\"https:\\\/\\\/blog.dltformazione.it\\\/index.php\\\/2025\\\/09\\\/15\\\/design-per-spazi-piccoli-soluzioni-multifunzionali-e-tendenze-cromatiche-per-abitazioni-compatte\\\/\"},\"author\":{\"name\":\"dltformazione\",\"@id\":\"https:\\\/\\\/blog.dltformazione.it\\\/#\\\/schema\\\/person\\\/5800b6b71dd6c7c332e7dd27fb6cbad4\"},\"headline\":\"Design per spazi piccoli: soluzioni multifunzionali e tendenze cromatiche per abitazioni compatte\",\"datePublished\":\"2025-09-15T13:02:26+00:00\",\"dateModified\":\"2025-09-15T13:57:58+00:00\",\"mainEntityOfPage\":{\"@id\":\"https:\\\/\\\/blog.dltformazione.it\\\/index.php\\\/2025\\\/09\\\/15\\\/design-per-spazi-piccoli-soluzioni-multifunzionali-e-tendenze-cromatiche-per-abitazioni-compatte\\\/\"},\"wordCount\":4331,\"commentCount\":0,\"publisher\":{\"@id\":\"https:\\\/\\\/blog.dltformazione.it\\\/#organization\"},\"image\":{\"@id\":\"https:\\\/\\\/blog.dltformazione.it\\\/index.php\\\/2025\\\/09\\\/15\\\/design-per-spazi-piccoli-soluzioni-multifunzionali-e-tendenze-cromatiche-per-abitazioni-compatte\\\/#primaryimage\"},\"thumbnailUrl\":\"https:\\\/\\\/blog.dltformazione.it\\\/wp-content\\\/uploads\\\/2025\\\/09\\\/spazi-multifunzionali.png\",\"keywords\":[\"design\",\"interior\",\"progettazione\",\"spazi multifunzionali\"],\"articleSection\":[\"Design\",\"Progettazione\"],\"inLanguage\":\"it-IT\",\"potentialAction\":[{\"@type\":\"CommentAction\",\"name\":\"Comment\",\"target\":[\"https:\\\/\\\/blog.dltformazione.it\\\/index.php\\\/2025\\\/09\\\/15\\\/design-per-spazi-piccoli-soluzioni-multifunzionali-e-tendenze-cromatiche-per-abitazioni-compatte\\\/#respond\"]}]},{\"@type\":\"WebPage\",\"@id\":\"https:\\\/\\\/blog.dltformazione.it\\\/index.php\\\/2025\\\/09\\\/15\\\/design-per-spazi-piccoli-soluzioni-multifunzionali-e-tendenze-cromatiche-per-abitazioni-compatte\\\/\",\"url\":\"https:\\\/\\\/blog.dltformazione.it\\\/index.php\\\/2025\\\/09\\\/15\\\/design-per-spazi-piccoli-soluzioni-multifunzionali-e-tendenze-cromatiche-per-abitazioni-compatte\\\/\",\"name\":\"Design per spazi piccoli: soluzioni multifunzionali e tendenze cromatiche per abitazioni compatte\",\"isPartOf\":{\"@id\":\"https:\\\/\\\/blog.dltformazione.it\\\/#website\"},\"primaryImageOfPage\":{\"@id\":\"https:\\\/\\\/blog.dltformazione.it\\\/index.php\\\/2025\\\/09\\\/15\\\/design-per-spazi-piccoli-soluzioni-multifunzionali-e-tendenze-cromatiche-per-abitazioni-compatte\\\/#primaryimage\"},\"image\":{\"@id\":\"https:\\\/\\\/blog.dltformazione.it\\\/index.php\\\/2025\\\/09\\\/15\\\/design-per-spazi-piccoli-soluzioni-multifunzionali-e-tendenze-cromatiche-per-abitazioni-compatte\\\/#primaryimage\"},\"thumbnailUrl\":\"https:\\\/\\\/blog.dltformazione.it\\\/wp-content\\\/uploads\\\/2025\\\/09\\\/spazi-multifunzionali.png\",\"datePublished\":\"2025-09-15T13:02:26+00:00\",\"dateModified\":\"2025-09-15T13:57:58+00:00\",\"description\":\"Design per spazi piccoli: soluzioni multifunzionali e tendenze cromatiche per abitazioni compatte\",\"breadcrumb\":{\"@id\":\"https:\\\/\\\/blog.dltformazione.it\\\/index.php\\\/2025\\\/09\\\/15\\\/design-per-spazi-piccoli-soluzioni-multifunzionali-e-tendenze-cromatiche-per-abitazioni-compatte\\\/#breadcrumb\"},\"inLanguage\":\"it-IT\",\"potentialAction\":[{\"@type\":\"ReadAction\",\"target\":[\"https:\\\/\\\/blog.dltformazione.it\\\/index.php\\\/2025\\\/09\\\/15\\\/design-per-spazi-piccoli-soluzioni-multifunzionali-e-tendenze-cromatiche-per-abitazioni-compatte\\\/\"]}]},{\"@type\":\"ImageObject\",\"inLanguage\":\"it-IT\",\"@id\":\"https:\\\/\\\/blog.dltformazione.it\\\/index.php\\\/2025\\\/09\\\/15\\\/design-per-spazi-piccoli-soluzioni-multifunzionali-e-tendenze-cromatiche-per-abitazioni-compatte\\\/#primaryimage\",\"url\":\"https:\\\/\\\/blog.dltformazione.it\\\/wp-content\\\/uploads\\\/2025\\\/09\\\/spazi-multifunzionali.png\",\"contentUrl\":\"https:\\\/\\\/blog.dltformazione.it\\\/wp-content\\\/uploads\\\/2025\\\/09\\\/spazi-multifunzionali.png\",\"width\":1536,\"height\":1024,\"caption\":\"Design per spazi piccoli: soluzioni multifunzionali e tendenze cromatiche per abitazioni compatte\"},{\"@type\":\"BreadcrumbList\",\"@id\":\"https:\\\/\\\/blog.dltformazione.it\\\/index.php\\\/2025\\\/09\\\/15\\\/design-per-spazi-piccoli-soluzioni-multifunzionali-e-tendenze-cromatiche-per-abitazioni-compatte\\\/#breadcrumb\",\"itemListElement\":[{\"@type\":\"ListItem\",\"position\":1,\"name\":\"Home\",\"item\":\"https:\\\/\\\/blog.dltformazione.it\\\/\"},{\"@type\":\"ListItem\",\"position\":2,\"name\":\"Design per spazi piccoli: soluzioni multifunzionali e tendenze cromatiche per abitazioni compatte\"}]},{\"@type\":\"WebSite\",\"@id\":\"https:\\\/\\\/blog.dltformazione.it\\\/#website\",\"url\":\"https:\\\/\\\/blog.dltformazione.it\\\/\",\"name\":\"DLT Formazione Blog\",\"description\":\"Dove i professionisti si informano e si formano\",\"publisher\":{\"@id\":\"https:\\\/\\\/blog.dltformazione.it\\\/#organization\"},\"potentialAction\":[{\"@type\":\"SearchAction\",\"target\":{\"@type\":\"EntryPoint\",\"urlTemplate\":\"https:\\\/\\\/blog.dltformazione.it\\\/?s={search_term_string}\"},\"query-input\":{\"@type\":\"PropertyValueSpecification\",\"valueRequired\":true,\"valueName\":\"search_term_string\"}}],\"inLanguage\":\"it-IT\"},{\"@type\":\"Organization\",\"@id\":\"https:\\\/\\\/blog.dltformazione.it\\\/#organization\",\"name\":\"DLT Formazione Blog\",\"url\":\"https:\\\/\\\/blog.dltformazione.it\\\/\",\"logo\":{\"@type\":\"ImageObject\",\"inLanguage\":\"it-IT\",\"@id\":\"https:\\\/\\\/blog.dltformazione.it\\\/#\\\/schema\\\/logo\\\/image\\\/\",\"url\":\"https:\\\/\\\/blog.dltformazione.it\\\/wp-content\\\/uploads\\\/2025\\\/08\\\/dlt_logo.jpg\",\"contentUrl\":\"https:\\\/\\\/blog.dltformazione.it\\\/wp-content\\\/uploads\\\/2025\\\/08\\\/dlt_logo.jpg\",\"width\":1002,\"height\":1000,\"caption\":\"DLT Formazione Blog\"},\"image\":{\"@id\":\"https:\\\/\\\/blog.dltformazione.it\\\/#\\\/schema\\\/logo\\\/image\\\/\"},\"sameAs\":[\"https:\\\/\\\/www.facebook.com\\\/dltformazione\\\/\",\"https:\\\/\\\/www.instagram.com\\\/dltformazionecorsi\\\/\"]},{\"@type\":\"Person\",\"@id\":\"https:\\\/\\\/blog.dltformazione.it\\\/#\\\/schema\\\/person\\\/5800b6b71dd6c7c332e7dd27fb6cbad4\",\"name\":\"dltformazione\",\"image\":{\"@type\":\"ImageObject\",\"inLanguage\":\"it-IT\",\"@id\":\"https:\\\/\\\/secure.gravatar.com\\\/avatar\\\/5adbb8d66fe37af5a248e54596f7865361352912154a2bf3ccf19aa23ae83bda?s=96&d=mm&r=g\",\"url\":\"https:\\\/\\\/secure.gravatar.com\\\/avatar\\\/5adbb8d66fe37af5a248e54596f7865361352912154a2bf3ccf19aa23ae83bda?s=96&d=mm&r=g\",\"contentUrl\":\"https:\\\/\\\/secure.gravatar.com\\\/avatar\\\/5adbb8d66fe37af5a248e54596f7865361352912154a2bf3ccf19aa23ae83bda?s=96&d=mm&r=g\",\"caption\":\"dltformazione\"},\"sameAs\":[\"https:\\\/\\\/blog.dltformazione.it\\\/\"],\"url\":\"https:\\\/\\\/blog.dltformazione.it\\\/index.php\\\/author\\\/dltformazione\\\/\"}]}<\/script>\n<!-- \/ Yoast SEO plugin. -->","yoast_head_json":{"title":"Design per spazi piccoli: soluzioni multifunzionali e tendenze cromatiche per abitazioni compatte","description":"Design per spazi piccoli: soluzioni multifunzionali e tendenze cromatiche per abitazioni compatte","robots":{"index":"index","follow":"follow","max-snippet":"max-snippet:-1","max-image-preview":"max-image-preview:large","max-video-preview":"max-video-preview:-1"},"canonical":"https:\/\/blog.dltformazione.it\/index.php\/2025\/09\/15\/design-per-spazi-piccoli-soluzioni-multifunzionali-e-tendenze-cromatiche-per-abitazioni-compatte\/","og_locale":"it_IT","og_type":"article","og_title":"Design per spazi piccoli: soluzioni multifunzionali e tendenze cromatiche per abitazioni compatte","og_description":"Design per spazi piccoli: soluzioni multifunzionali e tendenze cromatiche per abitazioni compatte","og_url":"https:\/\/blog.dltformazione.it\/index.php\/2025\/09\/15\/design-per-spazi-piccoli-soluzioni-multifunzionali-e-tendenze-cromatiche-per-abitazioni-compatte\/","og_site_name":"DLT Formazione Blog","article_publisher":"https:\/\/www.facebook.com\/dltformazione\/","article_published_time":"2025-09-15T13:02:26+00:00","article_modified_time":"2025-09-15T13:57:58+00:00","og_image":[{"width":1024,"height":683,"url":"https:\/\/blog.dltformazione.it\/wp-content\/uploads\/2025\/09\/spazi-multifunzionali-1024x683.png","type":"image\/png"}],"author":"dltformazione","twitter_card":"summary_large_image","twitter_misc":{"Scritto da":"dltformazione","Tempo di lettura stimato":"7 minuti"},"schema":{"@context":"https:\/\/schema.org","@graph":[{"@type":"Article","@id":"https:\/\/blog.dltformazione.it\/index.php\/2025\/09\/15\/design-per-spazi-piccoli-soluzioni-multifunzionali-e-tendenze-cromatiche-per-abitazioni-compatte\/#article","isPartOf":{"@id":"https:\/\/blog.dltformazione.it\/index.php\/2025\/09\/15\/design-per-spazi-piccoli-soluzioni-multifunzionali-e-tendenze-cromatiche-per-abitazioni-compatte\/"},"author":{"name":"dltformazione","@id":"https:\/\/blog.dltformazione.it\/#\/schema\/person\/5800b6b71dd6c7c332e7dd27fb6cbad4"},"headline":"Design per spazi piccoli: soluzioni multifunzionali e tendenze cromatiche per abitazioni compatte","datePublished":"2025-09-15T13:02:26+00:00","dateModified":"2025-09-15T13:57:58+00:00","mainEntityOfPage":{"@id":"https:\/\/blog.dltformazione.it\/index.php\/2025\/09\/15\/design-per-spazi-piccoli-soluzioni-multifunzionali-e-tendenze-cromatiche-per-abitazioni-compatte\/"},"wordCount":4331,"commentCount":0,"publisher":{"@id":"https:\/\/blog.dltformazione.it\/#organization"},"image":{"@id":"https:\/\/blog.dltformazione.it\/index.php\/2025\/09\/15\/design-per-spazi-piccoli-soluzioni-multifunzionali-e-tendenze-cromatiche-per-abitazioni-compatte\/#primaryimage"},"thumbnailUrl":"https:\/\/blog.dltformazione.it\/wp-content\/uploads\/2025\/09\/spazi-multifunzionali.png","keywords":["design","interior","progettazione","spazi multifunzionali"],"articleSection":["Design","Progettazione"],"inLanguage":"it-IT","potentialAction":[{"@type":"CommentAction","name":"Comment","target":["https:\/\/blog.dltformazione.it\/index.php\/2025\/09\/15\/design-per-spazi-piccoli-soluzioni-multifunzionali-e-tendenze-cromatiche-per-abitazioni-compatte\/#respond"]}]},{"@type":"WebPage","@id":"https:\/\/blog.dltformazione.it\/index.php\/2025\/09\/15\/design-per-spazi-piccoli-soluzioni-multifunzionali-e-tendenze-cromatiche-per-abitazioni-compatte\/","url":"https:\/\/blog.dltformazione.it\/index.php\/2025\/09\/15\/design-per-spazi-piccoli-soluzioni-multifunzionali-e-tendenze-cromatiche-per-abitazioni-compatte\/","name":"Design per spazi piccoli: soluzioni multifunzionali e tendenze cromatiche per abitazioni compatte","isPartOf":{"@id":"https:\/\/blog.dltformazione.it\/#website"},"primaryImageOfPage":{"@id":"https:\/\/blog.dltformazione.it\/index.php\/2025\/09\/15\/design-per-spazi-piccoli-soluzioni-multifunzionali-e-tendenze-cromatiche-per-abitazioni-compatte\/#primaryimage"},"image":{"@id":"https:\/\/blog.dltformazione.it\/index.php\/2025\/09\/15\/design-per-spazi-piccoli-soluzioni-multifunzionali-e-tendenze-cromatiche-per-abitazioni-compatte\/#primaryimage"},"thumbnailUrl":"https:\/\/blog.dltformazione.it\/wp-content\/uploads\/2025\/09\/spazi-multifunzionali.png","datePublished":"2025-09-15T13:02:26+00:00","dateModified":"2025-09-15T13:57:58+00:00","description":"Design per spazi piccoli: soluzioni multifunzionali e tendenze cromatiche per abitazioni compatte","breadcrumb":{"@id":"https:\/\/blog.dltformazione.it\/index.php\/2025\/09\/15\/design-per-spazi-piccoli-soluzioni-multifunzionali-e-tendenze-cromatiche-per-abitazioni-compatte\/#breadcrumb"},"inLanguage":"it-IT","potentialAction":[{"@type":"ReadAction","target":["https:\/\/blog.dltformazione.it\/index.php\/2025\/09\/15\/design-per-spazi-piccoli-soluzioni-multifunzionali-e-tendenze-cromatiche-per-abitazioni-compatte\/"]}]},{"@type":"ImageObject","inLanguage":"it-IT","@id":"https:\/\/blog.dltformazione.it\/index.php\/2025\/09\/15\/design-per-spazi-piccoli-soluzioni-multifunzionali-e-tendenze-cromatiche-per-abitazioni-compatte\/#primaryimage","url":"https:\/\/blog.dltformazione.it\/wp-content\/uploads\/2025\/09\/spazi-multifunzionali.png","contentUrl":"https:\/\/blog.dltformazione.it\/wp-content\/uploads\/2025\/09\/spazi-multifunzionali.png","width":1536,"height":1024,"caption":"Design per spazi piccoli: soluzioni multifunzionali e tendenze cromatiche per abitazioni compatte"},{"@type":"BreadcrumbList","@id":"https:\/\/blog.dltformazione.it\/index.php\/2025\/09\/15\/design-per-spazi-piccoli-soluzioni-multifunzionali-e-tendenze-cromatiche-per-abitazioni-compatte\/#breadcrumb","itemListElement":[{"@type":"ListItem","position":1,"name":"Home","item":"https:\/\/blog.dltformazione.it\/"},{"@type":"ListItem","position":2,"name":"Design per spazi piccoli: soluzioni multifunzionali e tendenze cromatiche per abitazioni compatte"}]},{"@type":"WebSite","@id":"https:\/\/blog.dltformazione.it\/#website","url":"https:\/\/blog.dltformazione.it\/","name":"DLT Formazione Blog","description":"Dove i professionisti si informano e si formano","publisher":{"@id":"https:\/\/blog.dltformazione.it\/#organization"},"potentialAction":[{"@type":"SearchAction","target":{"@type":"EntryPoint","urlTemplate":"https:\/\/blog.dltformazione.it\/?s={search_term_string}"},"query-input":{"@type":"PropertyValueSpecification","valueRequired":true,"valueName":"search_term_string"}}],"inLanguage":"it-IT"},{"@type":"Organization","@id":"https:\/\/blog.dltformazione.it\/#organization","name":"DLT Formazione Blog","url":"https:\/\/blog.dltformazione.it\/","logo":{"@type":"ImageObject","inLanguage":"it-IT","@id":"https:\/\/blog.dltformazione.it\/#\/schema\/logo\/image\/","url":"https:\/\/blog.dltformazione.it\/wp-content\/uploads\/2025\/08\/dlt_logo.jpg","contentUrl":"https:\/\/blog.dltformazione.it\/wp-content\/uploads\/2025\/08\/dlt_logo.jpg","width":1002,"height":1000,"caption":"DLT Formazione Blog"},"image":{"@id":"https:\/\/blog.dltformazione.it\/#\/schema\/logo\/image\/"},"sameAs":["https:\/\/www.facebook.com\/dltformazione\/","https:\/\/www.instagram.com\/dltformazionecorsi\/"]},{"@type":"Person","@id":"https:\/\/blog.dltformazione.it\/#\/schema\/person\/5800b6b71dd6c7c332e7dd27fb6cbad4","name":"dltformazione","image":{"@type":"ImageObject","inLanguage":"it-IT","@id":"https:\/\/secure.gravatar.com\/avatar\/5adbb8d66fe37af5a248e54596f7865361352912154a2bf3ccf19aa23ae83bda?s=96&d=mm&r=g","url":"https:\/\/secure.gravatar.com\/avatar\/5adbb8d66fe37af5a248e54596f7865361352912154a2bf3ccf19aa23ae83bda?s=96&d=mm&r=g","contentUrl":"https:\/\/secure.gravatar.com\/avatar\/5adbb8d66fe37af5a248e54596f7865361352912154a2bf3ccf19aa23ae83bda?s=96&d=mm&r=g","caption":"dltformazione"},"sameAs":["https:\/\/blog.dltformazione.it\/"],"url":"https:\/\/blog.dltformazione.it\/index.php\/author\/dltformazione\/"}]}},"_links":{"self":[{"href":"https:\/\/blog.dltformazione.it\/index.php\/wp-json\/wp\/v2\/posts\/2389","targetHints":{"allow":["GET"]}}],"collection":[{"href":"https:\/\/blog.dltformazione.it\/index.php\/wp-json\/wp\/v2\/posts"}],"about":[{"href":"https:\/\/blog.dltformazione.it\/index.php\/wp-json\/wp\/v2\/types\/post"}],"author":[{"embeddable":true,"href":"https:\/\/blog.dltformazione.it\/index.php\/wp-json\/wp\/v2\/users\/1"}],"replies":[{"embeddable":true,"href":"https:\/\/blog.dltformazione.it\/index.php\/wp-json\/wp\/v2\/comments?post=2389"}],"version-history":[{"count":3,"href":"https:\/\/blog.dltformazione.it\/index.php\/wp-json\/wp\/v2\/posts\/2389\/revisions"}],"predecessor-version":[{"id":2398,"href":"https:\/\/blog.dltformazione.it\/index.php\/wp-json\/wp\/v2\/posts\/2389\/revisions\/2398"}],"wp:featuredmedia":[{"embeddable":true,"href":"https:\/\/blog.dltformazione.it\/index.php\/wp-json\/wp\/v2\/media\/2390"}],"wp:attachment":[{"href":"https:\/\/blog.dltformazione.it\/index.php\/wp-json\/wp\/v2\/media?parent=2389"}],"wp:term":[{"taxonomy":"category","embeddable":true,"href":"https:\/\/blog.dltformazione.it\/index.php\/wp-json\/wp\/v2\/categories?post=2389"},{"taxonomy":"post_tag","embeddable":true,"href":"https:\/\/blog.dltformazione.it\/index.php\/wp-json\/wp\/v2\/tags?post=2389"}],"curies":[{"name":"wp","href":"https:\/\/api.w.org\/{rel}","templated":true}]}}