{"id":2407,"date":"2025-09-29T16:56:53","date_gmt":"2025-09-29T16:56:53","guid":{"rendered":"https:\/\/blog.dltformazione.it\/?p=2407"},"modified":"2026-03-05T21:08:49","modified_gmt":"2026-03-05T21:08:49","slug":"conto-termico-3-0-la-nuova-era-degli-incentivi-per-lefficienza-energetica","status":"publish","type":"post","link":"https:\/\/blog.dltformazione.it\/index.php\/2025\/09\/29\/conto-termico-3-0-la-nuova-era-degli-incentivi-per-lefficienza-energetica\/","title":{"rendered":"Conto Termico 3.0: la nuova era degli incentivi per l&#8217;efficienza energetica"},"content":{"rendered":"<div class=\"fusion-fullwidth fullwidth-box fusion-builder-row-1 fusion-flex-container has-pattern-background has-mask-background nonhundred-percent-fullwidth non-hundred-percent-height-scrolling\" style=\"--awb-border-radius-top-left:0px;--awb-border-radius-top-right:0px;--awb-border-radius-bottom-right:0px;--awb-border-radius-bottom-left:0px;--awb-padding-top:0px;--awb-margin-top:0px;--awb-flex-wrap:wrap;\" ><div class=\"fusion-builder-row fusion-row fusion-flex-align-items-flex-start fusion-flex-content-wrap\" style=\"max-width:1302px;margin-left: calc(-5% \/ 2 );margin-right: calc(-5% \/ 2 );\"><div class=\"fusion-layout-column fusion_builder_column fusion-builder-column-0 fusion_builder_column_1_1 1_1 fusion-flex-column fusion-flex-align-self-flex-start\" style=\"--awb-bg-size:cover;--awb-width-large:100%;--awb-margin-top-large:0px;--awb-spacing-right-large:0px;--awb-margin-bottom-large:0px;--awb-spacing-left-large:0px;--awb-width-medium:100%;--awb-order-medium:0;--awb-spacing-right-medium:0px;--awb-spacing-left-medium:0px;--awb-width-small:100%;--awb-order-small:0;--awb-spacing-right-small:2.375%;--awb-spacing-left-small:2.375%;\"><div class=\"fusion-column-wrapper fusion-column-has-shadow fusion-flex-justify-content-flex-start fusion-content-layout-column\"><div class=\"fusion-text fusion-text-1\" style=\"--awb-content-alignment:left;\"><div style=\"text-align: justify;\">Con la pubblicazione in Gazzetta Ufficiale del 26 settembre 2025, il Conto Termico 3.0 diventa realt\u00e0 concreta per professionisti tecnici, imprese e pubbliche amministrazioni. Il decreto MASE del 7 agosto 2025 introduce modifiche sostanziali rispetto alla versione precedente, aprendo nuove opportunit\u00e0 di business e ampliando significativamente la platea dei beneficiari.<\/div>\n<\/div><div class=\"fusion-title title fusion-title-1 fusion-sep-none fusion-title-text fusion-title-size-four\" style=\"--awb-margin-top:20px;--awb-margin-top-small:50px;--awb-margin-right-small:0px;--awb-margin-bottom-small:10px;--awb-margin-left-small:0px;\"><h4 class=\"fusion-title-heading title-heading-left\" style=\"margin:0;\">Il nuovo quadro normativo<\/h4><\/div><div class=\"fusion-text fusion-text-2\" style=\"--awb-content-alignment:justify;\"><div style=\"text-align: justify;\">\n<p>Il decreto entrer\u00e0 in vigore il 25 dicembre 2025, ovvero novanta giorni dopo la pubblicazione in Gazzetta Ufficiale. Il GSE avr\u00e0 poi sessanta giorni aggiuntivi per aggiornare il portale informatico Portaltermico e pubblicare le regole applicative definitive, rendendo operativa la presentazione delle domande presumibilmente da marzo 2026.<\/p>\n<p class=\"whitespace-normal break-words\">La dotazione finanziaria prevede un budget annuale di 900 milioni di euro, ripartiti in 400 milioni destinati alle pubbliche amministrazioni e 500 milioni per i soggetti privati. Questa ripartizione evidenzia la volont\u00e0 del legislatore di sostenere con forza anche gli interventi privati, superando la precedente concentrazione quasi esclusiva sul patrimonio pubblico.<\/p>\n<\/div>\n<\/div><div class=\"fusion-title title fusion-title-2 fusion-sep-none fusion-title-text fusion-title-size-four\" style=\"--awb-margin-top:20px;--awb-margin-top-small:50px;--awb-margin-right-small:0px;--awb-margin-bottom-small:10px;--awb-margin-left-small:0px;\"><h4 class=\"fusion-title-heading title-heading-left\" style=\"margin:0;\">Ampliamento dei beneficiari<\/h4><\/div><div class=\"fusion-text fusion-text-3\"><div style=\"text-align: justify;\">\n<p class=\"whitespace-normal break-words\">Una delle novit\u00e0 pi\u00f9 significative riguarda l&#8217;estensione dei soggetti ammessi agli incentivi. Oltre alle pubbliche amministrazioni, ai privati cittadini e alle imprese, possono ora accedere al Conto Termico 3.0 anche gli enti del Terzo Settore, equiparati alle amministrazioni pubbliche, le Comunit\u00e0 Energetiche Rinnovabili (CER), le configurazioni di autoconsumo collettivo, le cooperative sociali e le societ\u00e0 in-house delle pubbliche amministrazioni.<\/p>\n<p class=\"whitespace-normal break-words\">Particolarmente rilevante \u00e8 l&#8217;apertura agli edifici non residenziali privati del settore terziario. Gli interventi di efficienza energetica, precedentemente riservati esclusivamente alla PA, possono ora essere realizzati anche su immobili privati di categoria catastale A\/10, gruppo B, gruppo C (esclusi C\/6 e C\/7) e gruppo D (escluso D\/9).<\/p>\n<\/div>\n<\/div><div class=\"fusion-title title fusion-title-3 fusion-sep-none fusion-title-text fusion-title-size-four\" style=\"--awb-margin-top:20px;--awb-margin-top-small:50px;--awb-margin-right-small:0px;--awb-margin-bottom-small:10px;--awb-margin-left-small:0px;\"><h4 class=\"fusion-title-heading title-heading-left\" style=\"margin:0;\">Gli interventi incentivati<\/h4><\/div><div class=\"fusion-text fusion-text-4\" style=\"--awb-content-alignment:justify;\"><p class=\"whitespace-normal break-words\">Il Conto Termico 3.0 mantiene gli interventi tradizionali gi\u00e0 previsti dalla versione precedente, ma introduce importanti novit\u00e0 tecnologiche. Gli interventi si suddividono in due categorie principali: efficienza energetica degli edifici e produzione di energia termica da fonti rinnovabili.<\/p>\n<p class=\"whitespace-normal break-words\">Per quanto riguarda l&#8217;efficienza energetica, restano incentivati l&#8217;isolamento termico delle superfici opache, la sostituzione di infissi e chiusure trasparenti, l&#8217;installazione di sistemi di schermatura solare, la trasformazione in edifici a energia quasi zero (nZEB), la sostituzione degli impianti di illuminazione con sistemi efficienti e l&#8217;installazione di sistemi di building automation.<\/p>\n<p class=\"whitespace-normal break-words\">Sul fronte della produzione di energia termica da fonti rinnovabili, il decreto conferma gli incentivi per pompe di calore elettriche o a gas, anche geotermiche, caldaie e stufe a biomassa con certificazione ambientale 4 o 5 stelle, collettori solari termici, scaldacqua a pompa di calore di classe A o superiore, sistemi ibridi e allacciamenti a reti di teleriscaldamento efficienti.<\/p>\n<\/div><div class=\"fusion-image-element \" style=\"--awb-caption-title-font-family:var(--h2_typography-font-family);--awb-caption-title-font-weight:var(--h2_typography-font-weight);--awb-caption-title-font-style:var(--h2_typography-font-style);--awb-caption-title-size:var(--h2_typography-font-size);--awb-caption-title-transform:var(--h2_typography-text-transform);--awb-caption-title-line-height:var(--h2_typography-line-height);--awb-caption-title-letter-spacing:var(--h2_typography-letter-spacing);\"><span class=\" fusion-imageframe imageframe-none imageframe-1 hover-type-none\"><img decoding=\"async\" width=\"1536\" height=\"1024\" alt=\"Conto Termico 3.0: la nuova era degli incentivi per l&#039;efficienza energetica\" title=\"interventi incentivati conto termico 3\" src=\"data:image\/svg+xml,%3Csvg%20xmlns%3D%27http%3A%2F%2Fwww.w3.org%2F2000%2Fsvg%27%20width%3D%271536%27%20height%3D%271024%27%20viewBox%3D%270%200%201536%201024%27%3E%3Crect%20width%3D%271536%27%20height%3D%271024%27%20fill-opacity%3D%220%22%2F%3E%3C%2Fsvg%3E\" data-orig-src=\"https:\/\/blog.dltformazione.it\/wp-content\/uploads\/2025\/09\/interventi-incentivati-conto-termico-3.png\" class=\"lazyload img-responsive wp-image-2410\"\/><\/span><\/div><div class=\"fusion-title title fusion-title-4 fusion-sep-none fusion-title-text fusion-title-size-four\" style=\"--awb-margin-top:20px;--awb-margin-top-small:50px;--awb-margin-right-small:0px;--awb-margin-bottom-small:10px;--awb-margin-left-small:0px;\"><h4 class=\"fusion-title-heading title-heading-left\" style=\"margin:0;\">La grande novit\u00e0: fotovoltaico e mobilit\u00e0 elettrica<\/h4><\/div><div class=\"fusion-text fusion-text-5\"><p class=\"whitespace-normal break-words\">L&#8217;elemento di maggiore impatto del Conto Termico 3.0 \u00e8 l&#8217;introduzione degli incentivi per impianti fotovoltaici con sistemi di accumulo e colonnine di ricarica per veicoli elettrici. Questa apertura rappresenta una vera svolta rispetto al passato, ma presenta un vincolo importante: tali interventi sono incentivabili esclusivamente se realizzati congiuntamente alla sostituzione dell&#8217;impianto di climatizzazione invernale esistente con pompe di calore elettriche.<\/p>\n<p class=\"whitespace-normal break-words\">L&#8217;impianto fotovoltaico deve essere realizzato in assetto di autoconsumo, con potenza minima di 2 kW e dimensionamento correlato alle caratteristiche della pompa di calore installata. Il sistema di accumulo deve consentire l&#8217;immagazzinamento dell&#8217;energia prodotta per utilizzarla nei momenti di assenza di irraggiamento solare.<\/p>\n<p class=\"whitespace-normal break-words\">Questa integrazione tra pompe di calore, fotovoltaico e accumulo rappresenta il modello di efficienza energetica promosso dal decreto: un sistema integrato che massimizza l&#8217;autoproduzione e l&#8217;autoconsumo di energia rinnovabile, riducendo drasticamente la dipendenza dalla rete e i costi energetici.<\/p>\n<\/div><div class=\"fusion-title title fusion-title-5 fusion-sep-none fusion-title-text fusion-title-size-four\" style=\"--awb-margin-top:20px;--awb-margin-top-small:30px;--awb-margin-right-small:0px;--awb-margin-bottom-small:10px;--awb-margin-left-small:0px;\"><h4 class=\"fusion-title-heading title-heading-left\" style=\"margin:0;\">Le percentuali di incentivo<\/h4><\/div><div class=\"fusion-text fusion-text-6\" style=\"--awb-content-alignment:justify;\"><p class=\"whitespace-normal break-words\">Il Conto Termico 3.0 prevede una copertura media del 65% delle spese ammissibili per gli interventi realizzati da soggetti privati. La percentuale sale fino al 100% per interventi su edifici pubblici situati in comuni con popolazione fino a 15.000 abitanti, edifici scolastici pubblici, ospedali e strutture sanitarie pubbliche, incluse quelle residenziali, di cura, assistenza o ricovero.<\/p>\n<p class=\"whitespace-normal break-words\">Per gli scaldacqua a pompa di calore sono previsti contributi in cifra fissa: 400 euro per apparecchi con capacit\u00e0 fino a 150 litri e 700 euro per capacit\u00e0 superiore, se di classe A. Gli importi salgono rispettivamente a 500 e 900 euro per apparecchi di classe superiore alla A.<\/p>\n<p class=\"whitespace-normal break-words\">Le modalit\u00e0 di erogazione dell&#8217;incentivo prevedono il pagamento in un&#8217;unica soluzione se l&#8217;importo complessivo non supera i 15.000 euro, altrimenti in rate annuali costanti da due a cinque anni, a seconda della tipologia e dimensione dell&#8217;intervento.<\/p>\n<\/div><div class=\"fusion-title title fusion-title-6 fusion-sep-none fusion-title-text fusion-title-size-four\" style=\"--awb-margin-top:20px;--awb-margin-top-small:30px;--awb-margin-right-small:0px;--awb-margin-bottom-small:10px;--awb-margin-left-small:0px;\"><h4 class=\"fusion-title-heading title-heading-left\" style=\"margin:0;\">Requisiti tecnici e massimali aggiornati<\/h4><\/div><div class=\"fusion-text fusion-text-7\" style=\"--awb-content-alignment:justify;\"><div style=\"text-align: justify;\">\n<p class=\"whitespace-normal break-words\">Una delle critiche mosse al Conto Termico 2.0 riguardava i massimali di spesa ormai obsoleti rispetto ai prezzi di mercato. Il nuovo decreto risolve questa problematica aggiornando tutti i massimali specifici e assoluti per adeguarli ai costi attuali.<\/p>\n<p class=\"whitespace-normal break-words\">Per le pompe di calore, i requisiti sono stati rivisti secondo la normativa europea Ecodesign, considerando il coefficiente di prestazione stagionale (SCOP) ai fini dell&#8217;erogazione del contributo. Gli impianti devono avere potenza termica nominale inferiore a 2 MW, mentre per il solare termico la superficie massima ammissibile \u00e8 di 2.500 metri quadrati.<\/p>\n<p class=\"whitespace-normal break-words\">Per le caldaie a biomassa installate in zone con problematiche di qualit\u00e0 dell&#8217;aria, \u00e8 richiesta la certificazione ambientale secondo il decreto 7 novembre 2017 n. 186, con classe di qualit\u00e0 4 stelle o superiore.<\/p>\n<\/div>\n<\/div><div class=\"fusion-title title fusion-title-7 fusion-sep-none fusion-title-text fusion-title-size-four\" style=\"--awb-margin-top:20px;--awb-margin-top-small:30px;--awb-margin-right-small:0px;--awb-margin-bottom-small:10px;--awb-margin-left-small:0px;\"><h4 class=\"fusion-title-heading title-heading-left\" style=\"margin:0;\">Le procedure di accesso<\/h4><\/div><div class=\"fusion-text fusion-text-8\" style=\"--awb-content-alignment:justify;\"><div style=\"text-align: justify;\">\n<p>Il Conto Termico 3.0 prevede due modalit\u00e0 di accesso agli incentivi. L&#8217;accesso diretto, disponibile per tutti i beneficiari, richiede la presentazione della domanda entro 90 giorni dalla conclusione dei lavori attraverso il portale Portaltermico del GSE.<\/p>\n<p class=\"whitespace-normal break-words\">La prenotazione, riservata esclusivamente alle pubbliche amministrazioni, consente di bloccare l&#8217;incentivo prima dell&#8217;avvio degli interventi, garantendo la certezza delle risorse disponibili. Questa modalit\u00e0 risulta particolarmente strategica per gli enti locali che devono pianificare investimenti pluriennali.<\/p>\n<p class=\"whitespace-normal break-words\">Per alcune tipologie di interventi di piccola scala, come pompe di calore fino a 35 kW o impianti solari termici inferiori a 50 metri quadrati, \u00e8 stata introdotta una procedura semplificata che riduce gli adempimenti burocratici e accelera l&#8217;erogazione del contributo.<\/p>\n<\/div>\n<\/div><div class=\"fusion-title title fusion-title-8 fusion-sep-none fusion-title-text fusion-title-size-four\" style=\"--awb-margin-top:20px;--awb-margin-top-small:30px;--awb-margin-right-small:0px;--awb-margin-bottom-small:10px;--awb-margin-left-small:0px;\"><h4 class=\"fusion-title-heading title-heading-left\" style=\"margin:0;\">Opportunit\u00e0 per i professionisti tecnici<\/h4><\/div><div class=\"fusion-text fusion-text-9\" style=\"--awb-content-alignment:justify;\"><div style=\"text-align: justify;\">\n<p>L&#8217;entrata in vigore del Conto Termico 3.0 crea opportunit\u00e0 significative per geometri, architetti e ingegneri specializzati in efficienza energetica. La complessit\u00e0 normativa e la necessit\u00e0 di integrare correttamente gli interventi (pompa di calore, fotovoltaico, accumulo) richiede competenze tecniche specialistiche.<\/p>\n<p class=\"whitespace-normal break-words\">La diagnosi energetica e l&#8217;Attestato di Prestazione Energetica (APE) ante e post intervento sono documenti obbligatori per accedere agli incentivi. Il Conto Termico copre il 100% di queste spese per le pubbliche amministrazioni e il 50% per i soggetti privati, creando un flusso di lavoro costante per i professionisti abilitati.<\/p>\n<p class=\"whitespace-normal break-words\">La consulenza per l&#8217;ottimizzazione degli interventi integrati rappresenta un servizio ad alto valore aggiunto. Progettare correttamente il dimensionamento di pompa di calore, fotovoltaico e accumulo richiede competenze multidisciplinari che giustificano compensi professionali adeguati.<\/p>\n<\/div>\n<\/div><div class=\"fusion-title title fusion-title-9 fusion-sep-none fusion-title-text fusion-title-size-four\" style=\"--awb-margin-top:20px;--awb-margin-top-small:30px;--awb-margin-right-small:0px;--awb-margin-bottom-small:10px;--awb-margin-left-small:0px;\"><h4 class=\"fusion-title-heading title-heading-left\" style=\"margin:0;\">Cumulabilit\u00e0 e regime transitorio<\/h4><\/div><div class=\"fusion-text fusion-text-10\" style=\"--awb-content-alignment:justify;\"><div style=\"text-align: justify;\">\n<p>Il Conto Termico 3.0 non \u00e8 cumulabile con altri incentivi statali sulle medesime spese, salvo i fondi di garanzia. Per le pubbliche amministrazioni \u00e8 possibile la cumulabilit\u00e0 fino al 100% della spesa ammissibile. Le CER possono invece sommare il Conto Termico agli incentivi MASE per l&#8217;energia elettrica condivisa, creando sinergie interessanti.<\/p>\n<p class=\"whitespace-normal break-words\">Il decreto prevede un regime transitorio per garantire continuit\u00e0 operativa. Le domande presentate prima del 25 dicembre 2025 restano soggette alla disciplina del Conto Termico 2.0. Per le istanze di prenotazione gi\u00e0 accolte dal GSE con lavori non conclusi, continua ad applicarsi la normativa precedente.<\/p>\n<\/div>\n<\/div><div class=\"fusion-title title fusion-title-10 fusion-sep-none fusion-title-text fusion-title-size-four\" style=\"--awb-margin-top:20px;--awb-margin-top-small:30px;--awb-margin-right-small:0px;--awb-margin-bottom-small:10px;--awb-margin-left-small:0px;\"><h4 class=\"fusion-title-heading title-heading-left\" style=\"margin:0;\">Prospettive future<\/h4><\/div><div class=\"fusion-text fusion-text-11\" style=\"--awb-content-alignment:justify;\"><div style=\"text-align: justify;\">\n<p class=\"whitespace-normal break-words\">Il decreto prevede aggiornamenti periodici attraverso nuovi provvedimenti del MASE, previa intesa con la Conferenza Unificata, garantendo un costante allineamento con l&#8217;evoluzione normativa e tecnologica. Questa flessibilit\u00e0 rappresenta un punto di forza rispetto ai precedenti meccanismi incentivanti.<\/p>\n<p class=\"whitespace-normal break-words\">L&#8217;integrazione con le politiche europee di decarbonizzazione e con il Piano Nazionale Integrato per l&#8217;Energia e il Clima posiziona il Conto Termico 3.0 come strumento strutturale di medio-lungo periodo, superando la logica dei bonus temporanei soggetti a continue proroghe e modifiche.<\/p>\n<p class=\"whitespace-normal break-words\">Per i professionisti tecnici che sapranno specializzarsi tempestivamente su questi interventi integrati, il 2026 si prospetta come anno di grandi opportunit\u00e0. La combinazione tra domanda crescente, complessit\u00e0 tecnico-normativa e incentivi strutturali crea le condizioni ideali per una crescita professionale sostenibile.<\/p>\n<hr class=\"border-border-300 my-2\" \/>\n<p class=\"whitespace-normal break-words\"><strong>Consulta i nostri corsi su <a href=\"https:\/\/dltformazione.it\">dltformazione.it<\/a>.<\/strong><\/p>\n<hr class=\"border-border-300 my-2\" \/>\n<p class=\"whitespace-normal break-words\"><strong>Fonti e riferimenti:<\/strong><\/p>\n<ul class=\"&#091;&amp;:not(:last-child)_ul&#093;:pb-1 &#091;&amp;:not(:last-child)_ol&#093;:pb-1 list-disc space-y-1.5 pl-7\">\n<li class=\"whitespace-normal break-words\">Decreto MASE 7 agosto 2025, pubblicato in G.U. n. 224 del 26 settembre 2025<\/li>\n<li class=\"whitespace-normal break-words\">Comunicato stampa MASE del 5 agosto 2025<\/li>\n<li class=\"whitespace-normal break-words\">Conferenza Unificata del 5 agosto 2025<\/li>\n<li class=\"whitespace-normal break-words\">Portale GSE &#8211; Conto Termico<\/li>\n<\/ul>\n<\/div>\n<\/div><\/div><\/div><\/div><\/div>\n","protected":false},"excerpt":{"rendered":"<p>Elementum nulla turpis cursus. Integer liberos kusto euismod aene pretium faucibus &#8230;<\/p>\n","protected":false},"author":1,"featured_media":2443,"comment_status":"open","ping_status":"open","sticky":false,"template":"","format":"standard","meta":{"_acf_changed":false,"footnotes":""},"categories":[6,4],"tags":[97,94],"class_list":["post-2407","post","type-post","status-publish","format-standard","has-post-thumbnail","hentry","category-efficienza-energetica","category-normative-e-sicurezza","tag-conto-termico-3-0","tag-detrazioni"],"acf":[],"yoast_head":"<!-- This site is optimized with the Yoast SEO plugin v27.4 - https:\/\/yoast.com\/product\/yoast-seo-wordpress\/ -->\n<title>Conto Termico 3.0: la nuova era degli incentivi per l&#039;efficienza energetica<\/title>\n<meta name=\"description\" content=\"Conto Termico 3.0: la nuova era degli incentivi per l&#039;efficienza energetica\" \/>\n<meta name=\"robots\" content=\"index, follow, max-snippet:-1, max-image-preview:large, max-video-preview:-1\" \/>\n<link rel=\"canonical\" href=\"https:\/\/blog.dltformazione.it\/index.php\/2025\/09\/29\/conto-termico-3-0-la-nuova-era-degli-incentivi-per-lefficienza-energetica\/\" \/>\n<meta property=\"og:locale\" content=\"it_IT\" \/>\n<meta property=\"og:type\" content=\"article\" \/>\n<meta property=\"og:title\" content=\"Conto Termico 3.0: la nuova era degli incentivi per l&#039;efficienza energetica\" \/>\n<meta property=\"og:description\" content=\"Conto Termico 3.0: la nuova era degli incentivi per l&#039;efficienza energetica\" \/>\n<meta property=\"og:url\" content=\"https:\/\/blog.dltformazione.it\/index.php\/2025\/09\/29\/conto-termico-3-0-la-nuova-era-degli-incentivi-per-lefficienza-energetica\/\" \/>\n<meta property=\"og:site_name\" content=\"DLT Formazione Blog\" \/>\n<meta property=\"article:publisher\" content=\"https:\/\/www.facebook.com\/dltformazione\/\" \/>\n<meta property=\"article:published_time\" content=\"2025-09-29T16:56:53+00:00\" \/>\n<meta property=\"article:modified_time\" content=\"2026-03-05T21:08:49+00:00\" \/>\n<meta property=\"og:image\" content=\"https:\/\/blog.dltformazione.it\/wp-content\/uploads\/2026\/03\/pannelli-fotovoltaici-1024x683.png\" \/>\n\t<meta property=\"og:image:width\" content=\"1024\" \/>\n\t<meta property=\"og:image:height\" content=\"683\" \/>\n\t<meta property=\"og:image:type\" content=\"image\/png\" \/>\n<meta name=\"author\" content=\"dltformazione\" \/>\n<meta name=\"twitter:card\" content=\"summary_large_image\" \/>\n<meta name=\"twitter:label1\" content=\"Scritto da\" \/>\n\t<meta name=\"twitter:data1\" content=\"dltformazione\" \/>\n\t<meta name=\"twitter:label2\" content=\"Tempo di lettura stimato\" \/>\n\t<meta name=\"twitter:data2\" content=\"8 minuti\" \/>\n<script type=\"application\/ld+json\" class=\"yoast-schema-graph\">{\"@context\":\"https:\\\/\\\/schema.org\",\"@graph\":[{\"@type\":\"Article\",\"@id\":\"https:\\\/\\\/blog.dltformazione.it\\\/index.php\\\/2025\\\/09\\\/29\\\/conto-termico-3-0-la-nuova-era-degli-incentivi-per-lefficienza-energetica\\\/#article\",\"isPartOf\":{\"@id\":\"https:\\\/\\\/blog.dltformazione.it\\\/index.php\\\/2025\\\/09\\\/29\\\/conto-termico-3-0-la-nuova-era-degli-incentivi-per-lefficienza-energetica\\\/\"},\"author\":{\"name\":\"dltformazione\",\"@id\":\"https:\\\/\\\/blog.dltformazione.it\\\/#\\\/schema\\\/person\\\/5800b6b71dd6c7c332e7dd27fb6cbad4\"},\"headline\":\"Conto Termico 3.0: la nuova era degli incentivi per l&#8217;efficienza energetica\",\"datePublished\":\"2025-09-29T16:56:53+00:00\",\"dateModified\":\"2026-03-05T21:08:49+00:00\",\"mainEntityOfPage\":{\"@id\":\"https:\\\/\\\/blog.dltformazione.it\\\/index.php\\\/2025\\\/09\\\/29\\\/conto-termico-3-0-la-nuova-era-degli-incentivi-per-lefficienza-energetica\\\/\"},\"wordCount\":6063,\"commentCount\":0,\"publisher\":{\"@id\":\"https:\\\/\\\/blog.dltformazione.it\\\/#organization\"},\"image\":{\"@id\":\"https:\\\/\\\/blog.dltformazione.it\\\/index.php\\\/2025\\\/09\\\/29\\\/conto-termico-3-0-la-nuova-era-degli-incentivi-per-lefficienza-energetica\\\/#primaryimage\"},\"thumbnailUrl\":\"https:\\\/\\\/blog.dltformazione.it\\\/wp-content\\\/uploads\\\/2026\\\/03\\\/pannelli-fotovoltaici.png\",\"keywords\":[\"Conto termico 3.0\",\"detrazioni\"],\"articleSection\":[\"Efficienza Energetica\",\"Normative e Sicurezza\"],\"inLanguage\":\"it-IT\",\"potentialAction\":[{\"@type\":\"CommentAction\",\"name\":\"Comment\",\"target\":[\"https:\\\/\\\/blog.dltformazione.it\\\/index.php\\\/2025\\\/09\\\/29\\\/conto-termico-3-0-la-nuova-era-degli-incentivi-per-lefficienza-energetica\\\/#respond\"]}]},{\"@type\":\"WebPage\",\"@id\":\"https:\\\/\\\/blog.dltformazione.it\\\/index.php\\\/2025\\\/09\\\/29\\\/conto-termico-3-0-la-nuova-era-degli-incentivi-per-lefficienza-energetica\\\/\",\"url\":\"https:\\\/\\\/blog.dltformazione.it\\\/index.php\\\/2025\\\/09\\\/29\\\/conto-termico-3-0-la-nuova-era-degli-incentivi-per-lefficienza-energetica\\\/\",\"name\":\"Conto Termico 3.0: la nuova era degli incentivi per l'efficienza energetica\",\"isPartOf\":{\"@id\":\"https:\\\/\\\/blog.dltformazione.it\\\/#website\"},\"primaryImageOfPage\":{\"@id\":\"https:\\\/\\\/blog.dltformazione.it\\\/index.php\\\/2025\\\/09\\\/29\\\/conto-termico-3-0-la-nuova-era-degli-incentivi-per-lefficienza-energetica\\\/#primaryimage\"},\"image\":{\"@id\":\"https:\\\/\\\/blog.dltformazione.it\\\/index.php\\\/2025\\\/09\\\/29\\\/conto-termico-3-0-la-nuova-era-degli-incentivi-per-lefficienza-energetica\\\/#primaryimage\"},\"thumbnailUrl\":\"https:\\\/\\\/blog.dltformazione.it\\\/wp-content\\\/uploads\\\/2026\\\/03\\\/pannelli-fotovoltaici.png\",\"datePublished\":\"2025-09-29T16:56:53+00:00\",\"dateModified\":\"2026-03-05T21:08:49+00:00\",\"description\":\"Conto Termico 3.0: la nuova era degli incentivi per l'efficienza energetica\",\"breadcrumb\":{\"@id\":\"https:\\\/\\\/blog.dltformazione.it\\\/index.php\\\/2025\\\/09\\\/29\\\/conto-termico-3-0-la-nuova-era-degli-incentivi-per-lefficienza-energetica\\\/#breadcrumb\"},\"inLanguage\":\"it-IT\",\"potentialAction\":[{\"@type\":\"ReadAction\",\"target\":[\"https:\\\/\\\/blog.dltformazione.it\\\/index.php\\\/2025\\\/09\\\/29\\\/conto-termico-3-0-la-nuova-era-degli-incentivi-per-lefficienza-energetica\\\/\"]}]},{\"@type\":\"ImageObject\",\"inLanguage\":\"it-IT\",\"@id\":\"https:\\\/\\\/blog.dltformazione.it\\\/index.php\\\/2025\\\/09\\\/29\\\/conto-termico-3-0-la-nuova-era-degli-incentivi-per-lefficienza-energetica\\\/#primaryimage\",\"url\":\"https:\\\/\\\/blog.dltformazione.it\\\/wp-content\\\/uploads\\\/2026\\\/03\\\/pannelli-fotovoltaici.png\",\"contentUrl\":\"https:\\\/\\\/blog.dltformazione.it\\\/wp-content\\\/uploads\\\/2026\\\/03\\\/pannelli-fotovoltaici.png\",\"width\":1536,\"height\":1024,\"caption\":\"Conto Termico 3.0: la nuova era degli incentivi per l'efficienza energetica\"},{\"@type\":\"BreadcrumbList\",\"@id\":\"https:\\\/\\\/blog.dltformazione.it\\\/index.php\\\/2025\\\/09\\\/29\\\/conto-termico-3-0-la-nuova-era-degli-incentivi-per-lefficienza-energetica\\\/#breadcrumb\",\"itemListElement\":[{\"@type\":\"ListItem\",\"position\":1,\"name\":\"Home\",\"item\":\"https:\\\/\\\/blog.dltformazione.it\\\/\"},{\"@type\":\"ListItem\",\"position\":2,\"name\":\"Conto Termico 3.0: la nuova era degli incentivi per l&#8217;efficienza energetica\"}]},{\"@type\":\"WebSite\",\"@id\":\"https:\\\/\\\/blog.dltformazione.it\\\/#website\",\"url\":\"https:\\\/\\\/blog.dltformazione.it\\\/\",\"name\":\"DLT Formazione Blog\",\"description\":\"Dove i professionisti si informano e si formano\",\"publisher\":{\"@id\":\"https:\\\/\\\/blog.dltformazione.it\\\/#organization\"},\"potentialAction\":[{\"@type\":\"SearchAction\",\"target\":{\"@type\":\"EntryPoint\",\"urlTemplate\":\"https:\\\/\\\/blog.dltformazione.it\\\/?s={search_term_string}\"},\"query-input\":{\"@type\":\"PropertyValueSpecification\",\"valueRequired\":true,\"valueName\":\"search_term_string\"}}],\"inLanguage\":\"it-IT\"},{\"@type\":\"Organization\",\"@id\":\"https:\\\/\\\/blog.dltformazione.it\\\/#organization\",\"name\":\"DLT Formazione Blog\",\"url\":\"https:\\\/\\\/blog.dltformazione.it\\\/\",\"logo\":{\"@type\":\"ImageObject\",\"inLanguage\":\"it-IT\",\"@id\":\"https:\\\/\\\/blog.dltformazione.it\\\/#\\\/schema\\\/logo\\\/image\\\/\",\"url\":\"https:\\\/\\\/blog.dltformazione.it\\\/wp-content\\\/uploads\\\/2025\\\/08\\\/dlt_logo.jpg\",\"contentUrl\":\"https:\\\/\\\/blog.dltformazione.it\\\/wp-content\\\/uploads\\\/2025\\\/08\\\/dlt_logo.jpg\",\"width\":1002,\"height\":1000,\"caption\":\"DLT Formazione Blog\"},\"image\":{\"@id\":\"https:\\\/\\\/blog.dltformazione.it\\\/#\\\/schema\\\/logo\\\/image\\\/\"},\"sameAs\":[\"https:\\\/\\\/www.facebook.com\\\/dltformazione\\\/\",\"https:\\\/\\\/www.instagram.com\\\/dltformazionecorsi\\\/\"]},{\"@type\":\"Person\",\"@id\":\"https:\\\/\\\/blog.dltformazione.it\\\/#\\\/schema\\\/person\\\/5800b6b71dd6c7c332e7dd27fb6cbad4\",\"name\":\"dltformazione\",\"image\":{\"@type\":\"ImageObject\",\"inLanguage\":\"it-IT\",\"@id\":\"https:\\\/\\\/secure.gravatar.com\\\/avatar\\\/5adbb8d66fe37af5a248e54596f7865361352912154a2bf3ccf19aa23ae83bda?s=96&d=mm&r=g\",\"url\":\"https:\\\/\\\/secure.gravatar.com\\\/avatar\\\/5adbb8d66fe37af5a248e54596f7865361352912154a2bf3ccf19aa23ae83bda?s=96&d=mm&r=g\",\"contentUrl\":\"https:\\\/\\\/secure.gravatar.com\\\/avatar\\\/5adbb8d66fe37af5a248e54596f7865361352912154a2bf3ccf19aa23ae83bda?s=96&d=mm&r=g\",\"caption\":\"dltformazione\"},\"sameAs\":[\"https:\\\/\\\/blog.dltformazione.it\\\/\"],\"url\":\"https:\\\/\\\/blog.dltformazione.it\\\/index.php\\\/author\\\/dltformazione\\\/\"}]}<\/script>\n<!-- \/ Yoast SEO plugin. -->","yoast_head_json":{"title":"Conto Termico 3.0: la nuova era degli incentivi per l'efficienza energetica","description":"Conto Termico 3.0: la nuova era degli incentivi per l'efficienza energetica","robots":{"index":"index","follow":"follow","max-snippet":"max-snippet:-1","max-image-preview":"max-image-preview:large","max-video-preview":"max-video-preview:-1"},"canonical":"https:\/\/blog.dltformazione.it\/index.php\/2025\/09\/29\/conto-termico-3-0-la-nuova-era-degli-incentivi-per-lefficienza-energetica\/","og_locale":"it_IT","og_type":"article","og_title":"Conto Termico 3.0: la nuova era degli incentivi per l'efficienza energetica","og_description":"Conto Termico 3.0: la nuova era degli incentivi per l'efficienza energetica","og_url":"https:\/\/blog.dltformazione.it\/index.php\/2025\/09\/29\/conto-termico-3-0-la-nuova-era-degli-incentivi-per-lefficienza-energetica\/","og_site_name":"DLT Formazione Blog","article_publisher":"https:\/\/www.facebook.com\/dltformazione\/","article_published_time":"2025-09-29T16:56:53+00:00","article_modified_time":"2026-03-05T21:08:49+00:00","og_image":[{"width":1024,"height":683,"url":"https:\/\/blog.dltformazione.it\/wp-content\/uploads\/2026\/03\/pannelli-fotovoltaici-1024x683.png","type":"image\/png"}],"author":"dltformazione","twitter_card":"summary_large_image","twitter_misc":{"Scritto da":"dltformazione","Tempo di lettura stimato":"8 minuti"},"schema":{"@context":"https:\/\/schema.org","@graph":[{"@type":"Article","@id":"https:\/\/blog.dltformazione.it\/index.php\/2025\/09\/29\/conto-termico-3-0-la-nuova-era-degli-incentivi-per-lefficienza-energetica\/#article","isPartOf":{"@id":"https:\/\/blog.dltformazione.it\/index.php\/2025\/09\/29\/conto-termico-3-0-la-nuova-era-degli-incentivi-per-lefficienza-energetica\/"},"author":{"name":"dltformazione","@id":"https:\/\/blog.dltformazione.it\/#\/schema\/person\/5800b6b71dd6c7c332e7dd27fb6cbad4"},"headline":"Conto Termico 3.0: la nuova era degli incentivi per l&#8217;efficienza energetica","datePublished":"2025-09-29T16:56:53+00:00","dateModified":"2026-03-05T21:08:49+00:00","mainEntityOfPage":{"@id":"https:\/\/blog.dltformazione.it\/index.php\/2025\/09\/29\/conto-termico-3-0-la-nuova-era-degli-incentivi-per-lefficienza-energetica\/"},"wordCount":6063,"commentCount":0,"publisher":{"@id":"https:\/\/blog.dltformazione.it\/#organization"},"image":{"@id":"https:\/\/blog.dltformazione.it\/index.php\/2025\/09\/29\/conto-termico-3-0-la-nuova-era-degli-incentivi-per-lefficienza-energetica\/#primaryimage"},"thumbnailUrl":"https:\/\/blog.dltformazione.it\/wp-content\/uploads\/2026\/03\/pannelli-fotovoltaici.png","keywords":["Conto termico 3.0","detrazioni"],"articleSection":["Efficienza Energetica","Normative e Sicurezza"],"inLanguage":"it-IT","potentialAction":[{"@type":"CommentAction","name":"Comment","target":["https:\/\/blog.dltformazione.it\/index.php\/2025\/09\/29\/conto-termico-3-0-la-nuova-era-degli-incentivi-per-lefficienza-energetica\/#respond"]}]},{"@type":"WebPage","@id":"https:\/\/blog.dltformazione.it\/index.php\/2025\/09\/29\/conto-termico-3-0-la-nuova-era-degli-incentivi-per-lefficienza-energetica\/","url":"https:\/\/blog.dltformazione.it\/index.php\/2025\/09\/29\/conto-termico-3-0-la-nuova-era-degli-incentivi-per-lefficienza-energetica\/","name":"Conto Termico 3.0: la nuova era degli incentivi per l'efficienza energetica","isPartOf":{"@id":"https:\/\/blog.dltformazione.it\/#website"},"primaryImageOfPage":{"@id":"https:\/\/blog.dltformazione.it\/index.php\/2025\/09\/29\/conto-termico-3-0-la-nuova-era-degli-incentivi-per-lefficienza-energetica\/#primaryimage"},"image":{"@id":"https:\/\/blog.dltformazione.it\/index.php\/2025\/09\/29\/conto-termico-3-0-la-nuova-era-degli-incentivi-per-lefficienza-energetica\/#primaryimage"},"thumbnailUrl":"https:\/\/blog.dltformazione.it\/wp-content\/uploads\/2026\/03\/pannelli-fotovoltaici.png","datePublished":"2025-09-29T16:56:53+00:00","dateModified":"2026-03-05T21:08:49+00:00","description":"Conto Termico 3.0: la nuova era degli incentivi per l'efficienza energetica","breadcrumb":{"@id":"https:\/\/blog.dltformazione.it\/index.php\/2025\/09\/29\/conto-termico-3-0-la-nuova-era-degli-incentivi-per-lefficienza-energetica\/#breadcrumb"},"inLanguage":"it-IT","potentialAction":[{"@type":"ReadAction","target":["https:\/\/blog.dltformazione.it\/index.php\/2025\/09\/29\/conto-termico-3-0-la-nuova-era-degli-incentivi-per-lefficienza-energetica\/"]}]},{"@type":"ImageObject","inLanguage":"it-IT","@id":"https:\/\/blog.dltformazione.it\/index.php\/2025\/09\/29\/conto-termico-3-0-la-nuova-era-degli-incentivi-per-lefficienza-energetica\/#primaryimage","url":"https:\/\/blog.dltformazione.it\/wp-content\/uploads\/2026\/03\/pannelli-fotovoltaici.png","contentUrl":"https:\/\/blog.dltformazione.it\/wp-content\/uploads\/2026\/03\/pannelli-fotovoltaici.png","width":1536,"height":1024,"caption":"Conto Termico 3.0: la nuova era degli incentivi per l'efficienza energetica"},{"@type":"BreadcrumbList","@id":"https:\/\/blog.dltformazione.it\/index.php\/2025\/09\/29\/conto-termico-3-0-la-nuova-era-degli-incentivi-per-lefficienza-energetica\/#breadcrumb","itemListElement":[{"@type":"ListItem","position":1,"name":"Home","item":"https:\/\/blog.dltformazione.it\/"},{"@type":"ListItem","position":2,"name":"Conto Termico 3.0: la nuova era degli incentivi per l&#8217;efficienza energetica"}]},{"@type":"WebSite","@id":"https:\/\/blog.dltformazione.it\/#website","url":"https:\/\/blog.dltformazione.it\/","name":"DLT Formazione Blog","description":"Dove i professionisti si informano e si formano","publisher":{"@id":"https:\/\/blog.dltformazione.it\/#organization"},"potentialAction":[{"@type":"SearchAction","target":{"@type":"EntryPoint","urlTemplate":"https:\/\/blog.dltformazione.it\/?s={search_term_string}"},"query-input":{"@type":"PropertyValueSpecification","valueRequired":true,"valueName":"search_term_string"}}],"inLanguage":"it-IT"},{"@type":"Organization","@id":"https:\/\/blog.dltformazione.it\/#organization","name":"DLT Formazione Blog","url":"https:\/\/blog.dltformazione.it\/","logo":{"@type":"ImageObject","inLanguage":"it-IT","@id":"https:\/\/blog.dltformazione.it\/#\/schema\/logo\/image\/","url":"https:\/\/blog.dltformazione.it\/wp-content\/uploads\/2025\/08\/dlt_logo.jpg","contentUrl":"https:\/\/blog.dltformazione.it\/wp-content\/uploads\/2025\/08\/dlt_logo.jpg","width":1002,"height":1000,"caption":"DLT Formazione Blog"},"image":{"@id":"https:\/\/blog.dltformazione.it\/#\/schema\/logo\/image\/"},"sameAs":["https:\/\/www.facebook.com\/dltformazione\/","https:\/\/www.instagram.com\/dltformazionecorsi\/"]},{"@type":"Person","@id":"https:\/\/blog.dltformazione.it\/#\/schema\/person\/5800b6b71dd6c7c332e7dd27fb6cbad4","name":"dltformazione","image":{"@type":"ImageObject","inLanguage":"it-IT","@id":"https:\/\/secure.gravatar.com\/avatar\/5adbb8d66fe37af5a248e54596f7865361352912154a2bf3ccf19aa23ae83bda?s=96&d=mm&r=g","url":"https:\/\/secure.gravatar.com\/avatar\/5adbb8d66fe37af5a248e54596f7865361352912154a2bf3ccf19aa23ae83bda?s=96&d=mm&r=g","contentUrl":"https:\/\/secure.gravatar.com\/avatar\/5adbb8d66fe37af5a248e54596f7865361352912154a2bf3ccf19aa23ae83bda?s=96&d=mm&r=g","caption":"dltformazione"},"sameAs":["https:\/\/blog.dltformazione.it\/"],"url":"https:\/\/blog.dltformazione.it\/index.php\/author\/dltformazione\/"}]}},"_links":{"self":[{"href":"https:\/\/blog.dltformazione.it\/index.php\/wp-json\/wp\/v2\/posts\/2407","targetHints":{"allow":["GET"]}}],"collection":[{"href":"https:\/\/blog.dltformazione.it\/index.php\/wp-json\/wp\/v2\/posts"}],"about":[{"href":"https:\/\/blog.dltformazione.it\/index.php\/wp-json\/wp\/v2\/types\/post"}],"author":[{"embeddable":true,"href":"https:\/\/blog.dltformazione.it\/index.php\/wp-json\/wp\/v2\/users\/1"}],"replies":[{"embeddable":true,"href":"https:\/\/blog.dltformazione.it\/index.php\/wp-json\/wp\/v2\/comments?post=2407"}],"version-history":[{"count":2,"href":"https:\/\/blog.dltformazione.it\/index.php\/wp-json\/wp\/v2\/posts\/2407\/revisions"}],"predecessor-version":[{"id":2411,"href":"https:\/\/blog.dltformazione.it\/index.php\/wp-json\/wp\/v2\/posts\/2407\/revisions\/2411"}],"wp:featuredmedia":[{"embeddable":true,"href":"https:\/\/blog.dltformazione.it\/index.php\/wp-json\/wp\/v2\/media\/2443"}],"wp:attachment":[{"href":"https:\/\/blog.dltformazione.it\/index.php\/wp-json\/wp\/v2\/media?parent=2407"}],"wp:term":[{"taxonomy":"category","embeddable":true,"href":"https:\/\/blog.dltformazione.it\/index.php\/wp-json\/wp\/v2\/categories?post=2407"},{"taxonomy":"post_tag","embeddable":true,"href":"https:\/\/blog.dltformazione.it\/index.php\/wp-json\/wp\/v2\/tags?post=2407"}],"curies":[{"name":"wp","href":"https:\/\/api.w.org\/{rel}","templated":true}]}}