{"id":2430,"date":"2025-12-29T12:35:36","date_gmt":"2025-12-29T12:35:36","guid":{"rendered":"https:\/\/blog.dltformazione.it\/?p=2430"},"modified":"2026-02-02T09:22:28","modified_gmt":"2026-02-02T09:22:28","slug":"scadenza-cfp-31-dicembre-2025-ultima-chiamata-per-architetti-e-geometri","status":"publish","type":"post","link":"https:\/\/blog.dltformazione.it\/index.php\/2025\/12\/29\/scadenza-cfp-31-dicembre-2025-ultima-chiamata-per-architetti-e-geometri\/","title":{"rendered":"Scadenza CFP 31 dicembre 2025: ultima chiamata per architetti e geometri"},"content":{"rendered":"<div class=\"fusion-fullwidth fullwidth-box fusion-builder-row-1 fusion-flex-container has-pattern-background has-mask-background nonhundred-percent-fullwidth non-hundred-percent-height-scrolling\" style=\"--awb-border-radius-top-left:0px;--awb-border-radius-top-right:0px;--awb-border-radius-bottom-right:0px;--awb-border-radius-bottom-left:0px;--awb-padding-top:0px;--awb-margin-top:0px;--awb-flex-wrap:wrap;\" ><div class=\"fusion-builder-row fusion-row fusion-flex-align-items-flex-start fusion-flex-content-wrap\" style=\"max-width:1302px;margin-left: calc(-5% \/ 2 );margin-right: calc(-5% \/ 2 );\"><div class=\"fusion-layout-column fusion_builder_column fusion-builder-column-0 fusion_builder_column_1_1 1_1 fusion-flex-column fusion-flex-align-self-flex-start\" style=\"--awb-bg-size:cover;--awb-width-large:100%;--awb-margin-top-large:0px;--awb-spacing-right-large:0px;--awb-margin-bottom-large:0px;--awb-spacing-left-large:0px;--awb-width-medium:100%;--awb-order-medium:0;--awb-spacing-right-medium:0px;--awb-spacing-left-medium:0px;--awb-width-small:100%;--awb-order-small:0;--awb-spacing-right-small:2.375%;--awb-spacing-left-small:2.375%;\"><div class=\"fusion-column-wrapper fusion-column-has-shadow fusion-flex-justify-content-flex-start fusion-content-layout-column\"><div class=\"fusion-text fusion-text-1\" style=\"--awb-content-alignment:left;\"><div style=\"text-align: justify;\">Il 31 dicembre 2025 si chiude ufficialmente il triennio formativo 2023-2025 per gli architetti italiani. Ma c&#8217;\u00e8 una buona notizia: il CNAPPC ha concesso un <strong>semestre di ravvedimento operoso fino al 30 giugno 2026<\/strong>. Per geometri e architetti, questa \u00e8 l&#8217;ultima occasione per mettersi in regola ed evitare procedimenti disciplinari.<\/div>\n<\/div><div class=\"fusion-title title fusion-title-1 fusion-sep-none fusion-title-text fusion-title-size-four\" style=\"--awb-margin-top:20px;--awb-margin-top-small:50px;--awb-margin-right-small:0px;--awb-margin-bottom-small:10px;--awb-margin-left-small:0px;\"><h4 class=\"fusion-title-heading title-heading-left\" style=\"margin:0;\">Architetti: 60 CFP + ravvedimento operoso<\/h4><\/div><div class=\"fusion-text fusion-text-2\" style=\"--awb-content-alignment:justify;\"><p class=\"font-claude-response-body break-words whitespace-normal leading-&#091;1.7&#093;\">Il Consiglio Nazionale degli Architetti ha previsto un <strong>semestre di ravvedimento operoso<\/strong>, portando al <strong>30 giugno 2026<\/strong> il termine per acquisire i crediti formativi mancanti. La decisione, comunicata il 2 dicembre 2025, nasce dalla necessit\u00e0 di agevolare gli Ordini territoriali nella verifica amministrativa degli iscritti.<\/p>\n<p class=\"font-claude-response-body break-words whitespace-normal leading-&#091;1.7&#093;\"><strong>Requisiti triennio 2023-2025:<\/strong><\/p>\n<ul class=\"&#091;li_&amp;&#093;:mb-0 &#091;li_&amp;&#093;:mt-1.5 &#091;li_&amp;&#093;:gap-1.5 &#091;&amp;:not(:last-child)_ul&#093;:pb-1 &#091;&amp;:not(:last-child)_ol&#093;:pb-1 list-disc flex flex-col gap-2 pl-8 mb-3\">\n<li class=\"whitespace-normal break-words pl-2\"><strong>60 CFP totali<\/strong><\/li>\n<li class=\"whitespace-normal break-words pl-2\"><strong>12 CFP obbligatori<\/strong> in deontologia e discipline ordinistiche<\/li>\n<li class=\"whitespace-normal break-words pl-2\"><strong>48 CFP<\/strong> in materie generali<\/li>\n<\/ul>\n<h5 class=\"text-text-100 mt-2 -mb-1 text-base font-bold\"><strong>Verifica immediata della tua posizione<\/strong><\/h5>\n<p class=\"font-claude-response-body break-words whitespace-normal leading-&#091;1.7&#093;\">Accedi subito alla piattaforma CNAPPC (gcfp.cnappc.it) e controlla il tuo status:<\/p>\n<ul class=\"&#091;li_&amp;&#093;:mb-0 &#091;li_&amp;&#093;:mt-1.5 &#091;li_&amp;&#093;:gap-1.5 &#091;&amp;:not(:last-child)_ul&#093;:pb-1 &#091;&amp;:not(:last-child)_ol&#093;:pb-1 list-disc flex flex-col gap-2 pl-8 mb-3\">\n<li class=\"whitespace-normal break-words pl-2\"><strong>Semaforo verde<\/strong>: sei in regola, nessuna azione necessaria<\/li>\n<li class=\"whitespace-normal break-words pl-2\"><strong>Semaforo rosso<\/strong>: crediti mancanti, hai tempo fino al 30 giugno 2026<\/li>\n<\/ul>\n<p class=\"font-claude-response-body break-words whitespace-normal leading-&#091;1.7&#093;\">Prima della verifica, assicurati di aver caricato:<\/p>\n<ul class=\"&#091;li_&amp;&#093;:mb-0 &#091;li_&amp;&#093;:mt-1.5 &#091;li_&amp;&#093;:gap-1.5 &#091;&amp;:not(:last-child)_ul&#093;:pb-1 &#091;&amp;:not(:last-child)_ol&#093;:pb-1 list-disc flex flex-col gap-2 pl-8 mb-3\">\n<li class=\"whitespace-normal break-words pl-2\">Crediti autocertificabili (convegni, docenze, pubblicazioni)<\/li>\n<li class=\"whitespace-normal break-words pl-2\">Richieste di esonero (maternit\u00e0, malattia, sospensione attivit\u00e0)<\/li>\n<li class=\"whitespace-normal break-words pl-2\">Corsi FAD completati<\/li>\n<li class=\"whitespace-normal break-words pl-2\">Attivit\u00e0 degli Ordini territoriali<\/li>\n<\/ul>\n<h5 class=\"text-text-100 mt-2 -mb-1 text-base font-bold\"><strong>Conseguenze del mancato adempimento<\/strong><\/h5>\n<p class=\"font-claude-response-body break-words whitespace-normal leading-&#091;1.7&#093;\">Se non completi i CFP entro il 30 giugno 2026, la tua posizione sar\u00e0 <strong>automaticamente segnalata al Consiglio di Disciplina<\/strong> dell&#8217;Ordine di appartenenza. Le conseguenze possibili:<\/p>\n<ul class=\"&#091;li_&amp;&#093;:mb-0 &#091;li_&amp;&#093;:mt-1.5 &#091;li_&amp;&#093;:gap-1.5 &#091;&amp;:not(:last-child)_ul&#093;:pb-1 &#091;&amp;:not(:last-child)_ol&#093;:pb-1 list-disc flex flex-col gap-2 pl-8 mb-3\">\n<li class=\"whitespace-normal break-words pl-2\">Richiami formali<\/li>\n<li class=\"whitespace-normal break-words pl-2\">Procedimenti disciplinari<\/li>\n<li class=\"whitespace-normal break-words pl-2\">Sanzioni progressive in base alla gravit\u00e0<\/li>\n<li class=\"whitespace-normal break-words pl-2\">Verifica anche dei debiti pregressi del triennio 2020-2022<\/li>\n<\/ul>\n<\/div><div class=\"fusion-title title fusion-title-2 fusion-sep-none fusion-title-text fusion-title-size-four\" style=\"--awb-margin-top:20px;--awb-margin-top-small:50px;--awb-margin-right-small:0px;--awb-margin-bottom-small:10px;--awb-margin-left-small:0px;\"><h4 class=\"fusion-title-heading title-heading-left\" style=\"margin:0;\">Geometri: 60 CFP con specifiche diverse<\/h4><\/div><div class=\"fusion-text fusion-text-3\"><div style=\"text-align: justify;\">\n<p class=\"font-claude-response-body break-words whitespace-normal leading-&#091;1.7&#093;\">I geometri iscritti al Collegio devono accumulare <strong>60 CFP per triennio<\/strong>, con regole leggermente diverse rispetto agli architetti.<\/p>\n<p class=\"font-claude-response-body break-words whitespace-normal leading-&#091;1.7&#093;\"><strong>Requisiti specifici:<\/strong><\/p>\n<ul class=\"&#091;li_&amp;&#093;:mb-0 &#091;li_&amp;&#093;:mt-1.5 &#091;li_&amp;&#093;:gap-1.5 &#091;&amp;:not(:last-child)_ul&#093;:pb-1 &#091;&amp;:not(:last-child)_ol&#093;:pb-1 list-disc flex flex-col gap-2 pl-8 mb-3\">\n<li class=\"whitespace-normal break-words pl-2\"><strong>60 CFP totali<\/strong> nel triennio<\/li>\n<li class=\"whitespace-normal break-words pl-2\"><strong>6 CFP obbligatori<\/strong> in deontologia e ordinamento professionale<\/li>\n<li class=\"whitespace-normal break-words pl-2\"><strong>Massimo 24 CFP<\/strong> conseguibili tramite seminari e convegni<\/li>\n<li class=\"whitespace-normal break-words pl-2\">Crediti in eccesso: trasferibili al triennio successivo (max 20 CFP, al 50%)<\/li>\n<\/ul>\n<h5 class=\"text-text-100 mt-2 -mb-1 text-base font-bold\"><strong>Piattaforma di verifica geometri<\/strong><\/h5>\n<p class=\"font-claude-response-body break-words whitespace-normal leading-&#091;1.7&#093;\">Accedi al Sistema Informativo Nazionale della Formazione (SINF) su <a class=\"underline underline underline-offset-2 decoration-1 decoration-current\/40 hover:decoration-current focus:decoration-current\" href=\"http:\/\/www.formazione.cng.it\">www.formazione.cng.it<\/a> con:<\/p>\n<ul class=\"&#091;li_&amp;&#093;:mb-0 &#091;li_&amp;&#093;:mt-1.5 &#091;li_&amp;&#093;:gap-1.5 &#091;&amp;:not(:last-child)_ul&#093;:pb-1 &#091;&amp;:not(:last-child)_ol&#093;:pb-1 list-disc flex flex-col gap-2 pl-8 mb-3\">\n<li class=\"whitespace-normal break-words pl-2\">Username: codice fiscale<\/li>\n<li class=\"whitespace-normal break-words pl-2\">Password personale (richiedere reset alla segreteria del Collegio se necessario)<\/li>\n<\/ul>\n<p class=\"font-claude-response-body break-words whitespace-normal leading-&#091;1.7&#093;\">Nell&#8217;area riservata troverai l&#8217;elenco completo dei CFP accumulati e il dettaglio dei corsi seguiti.<\/p>\n<h5 class=\"text-text-100 mt-2 -mb-1 text-base font-bold\"><strong>Sanzioni per geometri<\/strong><\/h5>\n<p class=\"font-claude-response-body break-words whitespace-normal leading-&#091;1.7&#093;\">Il sistema sanzionatorio per i geometri \u00e8 graduato:<\/p>\n<ul class=\"&#091;li_&amp;&#093;:mb-0 &#091;li_&amp;&#093;:mt-1.5 &#091;li_&amp;&#093;:gap-1.5 &#091;&amp;:not(:last-child)_ul&#093;:pb-1 &#091;&amp;:not(:last-child)_ol&#093;:pb-1 list-disc flex flex-col gap-2 pl-8 mb-3\">\n<li class=\"whitespace-normal break-words pl-2\"><strong>&lt; 20% dei CFP richiesti<\/strong>: censura formale dal Presidente del Consiglio di Disciplina<\/li>\n<li class=\"whitespace-normal break-words pl-2\"><strong>Molto inferiore al 20%<\/strong>: sospensione dall&#8217;attivit\u00e0 fino a 6 mesi<\/li>\n<li class=\"whitespace-normal break-words pl-2\"><strong>Mancato rispetto totale<\/strong>: possibile radiazione dall&#8217;albo<\/li>\n<\/ul>\n<p class=\"font-claude-response-body break-words whitespace-normal leading-&#091;1.7&#093;\">Il mancato conseguimento dei crediti costituisce <strong>illecito disciplinare<\/strong> secondo il D.P.R. 137\/2012.<\/p>\n<\/div>\n<\/div><div class=\"fusion-title title fusion-title-3 fusion-sep-none fusion-title-text fusion-title-size-four\" style=\"--awb-margin-top:20px;--awb-margin-top-small:50px;--awb-margin-right-small:0px;--awb-margin-bottom-small:10px;--awb-margin-left-small:0px;\"><h4 class=\"fusion-title-heading title-heading-left\" style=\"margin:0;\">Come recuperare i CFP mancanti: azioni immediate<\/h4><\/div><div class=\"fusion-text fusion-text-4\" style=\"--awb-content-alignment:justify;\"><h5 class=\"text-text-100 mt-2 -mb-1 text-base font-bold\"><strong>1. Calcola il gap formativo<\/strong><\/h5>\n<ul class=\"&#091;li_&amp;&#093;:mb-0 &#091;li_&amp;&#093;:mt-1.5 &#091;li_&amp;&#093;:gap-1.5 &#091;&amp;:not(:last-child)_ul&#093;:pb-1 &#091;&amp;:not(:last-child)_ol&#093;:pb-1 list-disc flex flex-col gap-2 pl-8 mb-3\">\n<li class=\"whitespace-normal break-words pl-2\">Architetti: sottrai i tuoi CFP attuali da 60 (12 deontologici obbligatori)<\/li>\n<li class=\"whitespace-normal break-words pl-2\">Geometri: sottrai i tuoi CFP attuali da 60 (6 deontologici obbligatori)<\/li>\n<\/ul>\n<h5 class=\"text-text-100 mt-2 -mb-1 text-base font-bold\"><strong>2. Pianifica strategicamente<\/strong><\/h5>\n<p class=\"font-claude-response-body break-words whitespace-normal leading-&#091;1.7&#093;\">Con il ravvedimento operoso per gli architetti hai <strong>6 mesi<\/strong> di tempo. Pianifica cos\u00ec:<\/p>\n<ul class=\"&#091;li_&amp;&#093;:mb-0 &#091;li_&amp;&#093;:mt-1.5 &#091;li_&amp;&#093;:gap-1.5 &#091;&amp;:not(:last-child)_ul&#093;:pb-1 &#091;&amp;:not(:last-child)_ol&#093;:pb-1 list-disc flex flex-col gap-2 pl-8 mb-3\">\n<li class=\"whitespace-normal break-words pl-2\"><strong>Gennaio-febbraio 2026<\/strong>: priorit\u00e0 ai CFP deontologici mancanti<\/li>\n<li class=\"whitespace-normal break-words pl-2\"><strong>Marzo-aprile 2026<\/strong>: completamento CFP generali<\/li>\n<li class=\"whitespace-normal break-words pl-2\"><strong>Maggio 2026<\/strong>: buffer per eventuali ritardi o integrazioni<\/li>\n<\/ul>\n<h5 class=\"text-text-100 mt-2 -mb-1 text-base font-bold\"><strong>3. Modalit\u00e0 di acquisizione CFP<\/strong><\/h5>\n<p class=\"font-claude-response-body break-words whitespace-normal leading-&#091;1.7&#093;\"><strong>Corsi online (FAD asincrona)<\/strong>: la soluzione pi\u00f9 flessibile<\/p>\n<ul class=\"&#091;li_&amp;&#093;:mb-0 &#091;li_&amp;&#093;:mt-1.5 &#091;li_&amp;&#093;:gap-1.5 &#091;&amp;:not(:last-child)_ul&#093;:pb-1 &#091;&amp;:not(:last-child)_ol&#093;:pb-1 list-disc flex flex-col gap-2 pl-8 mb-3\">\n<li class=\"whitespace-normal break-words pl-2\">Disponibili 24\/7<\/li>\n<li class=\"whitespace-normal break-words pl-2\">Riconoscimento immediato dei crediti<\/li>\n<li class=\"whitespace-normal break-words pl-2\">Ideali per professionisti con agenda fitta<\/li>\n<\/ul>\n<p class=\"font-claude-response-body break-words whitespace-normal leading-&#091;1.7&#093;\"><strong>Webinar e corsi live<\/strong>: interazione diretta con docenti<\/p>\n<p class=\"font-claude-response-body break-words whitespace-normal leading-&#091;1.7&#093;\"><strong>Attivit\u00e0 autocertificabili<\/strong>:<\/p>\n<ul class=\"&#091;li_&amp;&#093;:mb-0 &#091;li_&amp;&#093;:mt-1.5 &#091;li_&amp;&#093;:gap-1.5 &#091;&amp;:not(:last-child)_ul&#093;:pb-1 &#091;&amp;:not(:last-child)_ol&#093;:pb-1 list-disc flex flex-col gap-2 pl-8 mb-3\">\n<li class=\"whitespace-normal break-words pl-2\">Docenze e relazioni<\/li>\n<li class=\"whitespace-normal break-words pl-2\">Pubblicazioni tecniche<\/li>\n<li class=\"whitespace-normal break-words pl-2\">Attivit\u00e0 di ricerca<\/li>\n<li class=\"whitespace-normal break-words pl-2\">Partecipazione a commissioni<\/li>\n<\/ul>\n<h5 class=\"text-text-100 mt-2 -mb-1 text-base font-bold\"><strong>4. Verifica requisiti deontologici<\/strong><\/h5>\n<p class=\"font-claude-response-body break-words whitespace-normal leading-&#091;1.7&#093;\">I CFP deontologici <strong>non sono sostituibili<\/strong> con altri crediti. Assicurati di completare prima questi:<\/p>\n<ul class=\"&#091;li_&amp;&#093;:mb-0 &#091;li_&amp;&#093;:mt-1.5 &#091;li_&amp;&#093;:gap-1.5 &#091;&amp;:not(:last-child)_ul&#093;:pb-1 &#091;&amp;:not(:last-child)_ol&#093;:pb-1 list-disc flex flex-col gap-2 pl-8 mb-3\">\n<li class=\"whitespace-normal break-words pl-2\">Architetti: 12 CFP deontologici<\/li>\n<li class=\"whitespace-normal break-words pl-2\">Geometri: 6 CFP deontologici<\/li>\n<\/ul>\n<\/div><div class=\"fusion-title title fusion-title-4 fusion-sep-none fusion-title-text fusion-title-size-four\" style=\"--awb-margin-top:20px;--awb-margin-top-small:50px;--awb-margin-right-small:0px;--awb-margin-bottom-small:10px;--awb-margin-left-small:0px;\"><h4 class=\"fusion-title-heading title-heading-left\" style=\"margin:0;\">Esoneri e situazioni particolari<\/h4><\/div><div class=\"fusion-text fusion-text-5\"><p class=\"font-claude-response-body break-words whitespace-normal leading-&#091;1.7&#093;\">Hai diritto all&#8217;esonero parziale o totale in caso di:<\/p>\n<ul class=\"&#091;li_&amp;&#093;:mb-0 &#091;li_&amp;&#093;:mt-1.5 &#091;li_&amp;&#093;:gap-1.5 &#091;&amp;:not(:last-child)_ul&#093;:pb-1 &#091;&amp;:not(:last-child)_ol&#093;:pb-1 list-disc flex flex-col gap-2 pl-8 mb-3\">\n<li class=\"whitespace-normal break-words pl-2\"><strong>Maternit\u00e0\/paternit\u00e0<\/strong>: riduzione proporzionale ai mesi di congedo<\/li>\n<li class=\"whitespace-normal break-words pl-2\"><strong>Malattia grave e prolungata<\/strong>: documentazione medica necessaria<\/li>\n<li class=\"whitespace-normal break-words pl-2\"><strong>Soggiorni all&#8217;estero<\/strong>: superiori a 6 mesi per studio o lavoro<\/li>\n<li class=\"whitespace-normal break-words pl-2\"><strong>Over 70<\/strong>: con almeno 20 anni di iscrizione (architetti)<\/li>\n<li class=\"whitespace-normal break-words pl-2\"><strong>Neoiscritti<\/strong>: esonero nel primo anno<\/li>\n<\/ul>\n<p class=\"font-claude-response-body break-words whitespace-normal leading-&#091;1.7&#093;\">Gli esoneri devono essere richiesti <strong>entro il 31 dicembre 2025<\/strong> per il triennio corrente.<\/p>\n<\/div><div class=\"fusion-title title fusion-title-5 fusion-sep-none fusion-title-text fusion-title-size-four\" style=\"--awb-margin-top:20px;--awb-margin-top-small:50px;--awb-margin-right-small:0px;--awb-margin-bottom-small:10px;--awb-margin-left-small:0px;\"><h4 class=\"fusion-title-heading title-heading-left\" style=\"margin:0;\">Opportunit\u00e0 oltre l&#8217;obbligo<\/h4><\/div><div class=\"fusion-text fusion-text-6\"><p class=\"font-claude-response-body break-words whitespace-normal leading-&#091;1.7&#093;\">Completare i CFP non \u00e8 solo un adempimento burocratico. La formazione continua:<\/p>\n<ul class=\"&#091;li_&amp;&#093;:mb-0 &#091;li_&amp;&#093;:mt-1.5 &#091;li_&amp;&#093;:gap-1.5 &#091;&amp;:not(:last-child)_ul&#093;:pb-1 &#091;&amp;:not(:last-child)_ol&#093;:pb-1 list-disc flex flex-col gap-2 pl-8 mb-3\">\n<li class=\"whitespace-normal break-words pl-2\"><strong>Mantiene competitivit\u00e0<\/strong> in un mercato in rapida evoluzione<\/li>\n<li class=\"whitespace-normal break-words pl-2\"><strong>Apre nuove opportunit\u00e0<\/strong> professionali e di specializzazione<\/li>\n<li class=\"whitespace-normal break-words pl-2\"><strong>Riduce rischi legali<\/strong> mantenendo aggiornate le competenze normative<\/li>\n<li class=\"whitespace-normal break-words pl-2\"><strong>Aumenta credibilit\u00e0<\/strong> verso clienti e committenti<\/li>\n<\/ul>\n<p class=\"font-claude-response-body break-words whitespace-normal leading-&#091;1.7&#093;\">Molti professionisti sfruttano questo periodo per acquisire competenze strategiche in:<\/p>\n<ul class=\"&#091;li_&amp;&#093;:mb-0 &#091;li_&amp;&#093;:mt-1.5 &#091;li_&amp;&#093;:gap-1.5 &#091;&amp;:not(:last-child)_ul&#093;:pb-1 &#091;&amp;:not(:last-child)_ol&#093;:pb-1 list-disc flex flex-col gap-2 pl-8 mb-3\">\n<li class=\"whitespace-normal break-words pl-2\">BIM e digitalizzazione (obbligatorio negli appalti dal 2025)<\/li>\n<li class=\"whitespace-normal break-words pl-2\">Efficienza energetica e sostenibilit\u00e0<\/li>\n<li class=\"whitespace-normal break-words pl-2\">Normative tecniche aggiornate<\/li>\n<li class=\"whitespace-normal break-words pl-2\">Soft skills e gestione dello studio<\/li>\n<\/ul>\n<\/div><div class=\"fusion-title title fusion-title-6 fusion-sep-none fusion-title-text fusion-title-size-four\" style=\"--awb-margin-top:20px;--awb-margin-top-small:50px;--awb-margin-right-small:0px;--awb-margin-bottom-small:10px;--awb-margin-left-small:0px;\"><h4 class=\"fusion-title-heading title-heading-left\" style=\"margin:0;\">Non rimandare: i vantaggi di agire subito<\/h4><\/div><div class=\"fusion-text fusion-text-7\"><p class=\"font-claude-response-body break-words whitespace-normal leading-&#091;1.7&#093;\"><strong>Gennaio 2026<\/strong> sar\u00e0 probabilmente il mese pi\u00f9 congestionato per l&#8217;offerta formativa. Agire ora significa:<\/p>\n<p class=\"font-claude-response-body break-words whitespace-normal leading-&#091;1.7&#093;\">\u2713 Maggiore scelta di corsi e orari<br \/>\n\u2713 Evitare la corsa dell&#8217;ultimo momento<br \/>\n\u2713 Prezzi potenzialmente pi\u00f9 vantaggiosi<br \/>\n\u2713 Serenit\u00e0 professionale per affrontare il 2026<\/p>\n<p class=\"font-claude-response-body break-words whitespace-normal leading-&#091;1.7&#093;\">Il ravvedimento operoso per gli architetti \u00e8 un&#8217;opportunit\u00e0 preziosa, ma il tempo stringe. Per i geometri, verificare subito il proprio status \u00e8 essenziale per pianificare il recupero eventualmente necessario.<\/p>\n<p class=\"font-claude-response-body break-words whitespace-normal leading-&#091;1.7&#093;\"><strong>Non rischiare sanzioni disciplinari per una questione di organizzazione. Verifica oggi, forma domani, lavora sereno nel 2026.<\/strong><\/p>\n<hr class=\"border-border-200 border-t-0.5 my-3 mx-1.5\" \/>\n<p class=\"font-claude-response-body break-words whitespace-normal leading-&#091;1.7&#093;\"><a href=\"http:\/\/dltformazione.it\"><strong>Completa i tuoi CFP con i corsi accreditati DLT Formazione. Offerta formativa sempre aggiornata per architetti e geometri.<\/strong><\/a><\/p>\n<hr class=\"border-border-200 border-t-0.5 my-3 mx-1.5\" \/>\n<p class=\"font-claude-response-body break-words whitespace-normal leading-&#091;1.7&#093;\"><strong>Fonti:<\/strong><\/p>\n<ul class=\"&#091;li_&amp;&#093;:mb-0 &#091;li_&amp;&#093;:mt-1.5 &#091;li_&amp;&#093;:gap-1.5 &#091;&amp;:not(:last-child)_ul&#093;:pb-1 &#091;&amp;:not(:last-child)_ol&#093;:pb-1 list-disc flex flex-col gap-2 pl-8 mb-3\">\n<li class=\"whitespace-normal break-words pl-2\">CNAPPC &#8211; Circolare formazione fine triennio, 2 dicembre 2025<\/li>\n<li class=\"whitespace-normal break-words pl-2\">D.P.R. 137\/2012 &#8211; Obbligo formazione continua<\/li>\n<li class=\"whitespace-normal break-words pl-2\">Consiglio Nazionale Geometri &#8211; Regolamento formazione professionale<\/li>\n<\/ul>\n<\/div><\/div><\/div><\/div><\/div>\n","protected":false},"excerpt":{"rendered":"<p>Elementum nulla turpis cursus. Integer liberos kusto euismod aene pretium faucibus &#8230;<\/p>\n","protected":false},"author":1,"featured_media":0,"comment_status":"open","ping_status":"open","sticky":false,"template":"","format":"standard","meta":{"_acf_changed":false,"footnotes":""},"categories":[6,4,8],"tags":[83,66],"class_list":["post-2430","post","type-post","status-publish","format-standard","hentry","category-efficienza-energetica","category-normative-e-sicurezza","category-progettazione","tag-certificazione-energetica","tag-normativa"],"acf":[],"yoast_head":"<!-- This site is optimized with the Yoast SEO plugin v27.4 - https:\/\/yoast.com\/product\/yoast-seo-wordpress\/ -->\n<title>Certificazione energetica degli edifici: aggiornamenti 2025 e nuove opportunit\u00e0 professionali<\/title>\n<meta name=\"description\" content=\"Certificazione energetica degli edifici: aggiornamenti 2025 e nuove opportunit\u00e0 professionali\" \/>\n<meta name=\"robots\" content=\"index, follow, max-snippet:-1, max-image-preview:large, max-video-preview:-1\" \/>\n<link rel=\"canonical\" href=\"https:\/\/blog.dltformazione.it\/index.php\/2025\/12\/29\/scadenza-cfp-31-dicembre-2025-ultima-chiamata-per-architetti-e-geometri\/\" \/>\n<meta property=\"og:locale\" content=\"it_IT\" \/>\n<meta property=\"og:type\" content=\"article\" \/>\n<meta property=\"og:title\" content=\"Certificazione energetica degli edifici: aggiornamenti 2025 e nuove opportunit\u00e0 professionali\" \/>\n<meta property=\"og:description\" content=\"Certificazione energetica degli edifici: aggiornamenti 2025 e nuove opportunit\u00e0 professionali\" \/>\n<meta property=\"og:url\" content=\"https:\/\/blog.dltformazione.it\/index.php\/2025\/12\/29\/scadenza-cfp-31-dicembre-2025-ultima-chiamata-per-architetti-e-geometri\/\" \/>\n<meta property=\"og:site_name\" content=\"DLT Formazione Blog\" \/>\n<meta property=\"article:publisher\" content=\"https:\/\/www.facebook.com\/dltformazione\/\" \/>\n<meta property=\"article:published_time\" content=\"2025-12-29T12:35:36+00:00\" \/>\n<meta property=\"article:modified_time\" content=\"2026-02-02T09:22:28+00:00\" \/>\n<meta property=\"og:image\" content=\"https:\/\/blog.dltformazione.it\/wp-content\/uploads\/2025\/11\/APE-e1762094173921.jpg\" \/>\n\t<meta property=\"og:image:width\" content=\"800\" \/>\n\t<meta property=\"og:image:height\" content=\"520\" \/>\n\t<meta property=\"og:image:type\" content=\"image\/jpeg\" \/>\n<meta name=\"author\" content=\"dltformazione\" \/>\n<meta name=\"twitter:card\" content=\"summary_large_image\" \/>\n<meta name=\"twitter:label1\" content=\"Scritto da\" \/>\n\t<meta name=\"twitter:data1\" content=\"dltformazione\" \/>\n\t<meta name=\"twitter:label2\" content=\"Tempo di lettura stimato\" \/>\n\t<meta name=\"twitter:data2\" content=\"5 minuti\" \/>\n<script type=\"application\/ld+json\" class=\"yoast-schema-graph\">{\"@context\":\"https:\\\/\\\/schema.org\",\"@graph\":[{\"@type\":\"Article\",\"@id\":\"https:\\\/\\\/blog.dltformazione.it\\\/index.php\\\/2025\\\/12\\\/29\\\/scadenza-cfp-31-dicembre-2025-ultima-chiamata-per-architetti-e-geometri\\\/#article\",\"isPartOf\":{\"@id\":\"https:\\\/\\\/blog.dltformazione.it\\\/index.php\\\/2025\\\/12\\\/29\\\/scadenza-cfp-31-dicembre-2025-ultima-chiamata-per-architetti-e-geometri\\\/\"},\"author\":{\"name\":\"dltformazione\",\"@id\":\"https:\\\/\\\/blog.dltformazione.it\\\/#\\\/schema\\\/person\\\/5800b6b71dd6c7c332e7dd27fb6cbad4\"},\"headline\":\"Scadenza CFP 31 dicembre 2025: ultima chiamata per architetti e geometri\",\"datePublished\":\"2025-12-29T12:35:36+00:00\",\"dateModified\":\"2026-02-02T09:22:28+00:00\",\"mainEntityOfPage\":{\"@id\":\"https:\\\/\\\/blog.dltformazione.it\\\/index.php\\\/2025\\\/12\\\/29\\\/scadenza-cfp-31-dicembre-2025-ultima-chiamata-per-architetti-e-geometri\\\/\"},\"wordCount\":3738,\"commentCount\":0,\"publisher\":{\"@id\":\"https:\\\/\\\/blog.dltformazione.it\\\/#organization\"},\"keywords\":[\"certificazione energetica\",\"Normativa\"],\"articleSection\":[\"Efficienza Energetica\",\"Normative e Sicurezza\",\"Progettazione\"],\"inLanguage\":\"it-IT\",\"potentialAction\":[{\"@type\":\"CommentAction\",\"name\":\"Comment\",\"target\":[\"https:\\\/\\\/blog.dltformazione.it\\\/index.php\\\/2025\\\/12\\\/29\\\/scadenza-cfp-31-dicembre-2025-ultima-chiamata-per-architetti-e-geometri\\\/#respond\"]}]},{\"@type\":\"WebPage\",\"@id\":\"https:\\\/\\\/blog.dltformazione.it\\\/index.php\\\/2025\\\/12\\\/29\\\/scadenza-cfp-31-dicembre-2025-ultima-chiamata-per-architetti-e-geometri\\\/\",\"url\":\"https:\\\/\\\/blog.dltformazione.it\\\/index.php\\\/2025\\\/12\\\/29\\\/scadenza-cfp-31-dicembre-2025-ultima-chiamata-per-architetti-e-geometri\\\/\",\"name\":\"Certificazione energetica degli edifici: aggiornamenti 2025 e nuove opportunit\u00e0 professionali\",\"isPartOf\":{\"@id\":\"https:\\\/\\\/blog.dltformazione.it\\\/#website\"},\"datePublished\":\"2025-12-29T12:35:36+00:00\",\"dateModified\":\"2026-02-02T09:22:28+00:00\",\"description\":\"Certificazione energetica degli edifici: aggiornamenti 2025 e nuove opportunit\u00e0 professionali\",\"breadcrumb\":{\"@id\":\"https:\\\/\\\/blog.dltformazione.it\\\/index.php\\\/2025\\\/12\\\/29\\\/scadenza-cfp-31-dicembre-2025-ultima-chiamata-per-architetti-e-geometri\\\/#breadcrumb\"},\"inLanguage\":\"it-IT\",\"potentialAction\":[{\"@type\":\"ReadAction\",\"target\":[\"https:\\\/\\\/blog.dltformazione.it\\\/index.php\\\/2025\\\/12\\\/29\\\/scadenza-cfp-31-dicembre-2025-ultima-chiamata-per-architetti-e-geometri\\\/\"]}]},{\"@type\":\"BreadcrumbList\",\"@id\":\"https:\\\/\\\/blog.dltformazione.it\\\/index.php\\\/2025\\\/12\\\/29\\\/scadenza-cfp-31-dicembre-2025-ultima-chiamata-per-architetti-e-geometri\\\/#breadcrumb\",\"itemListElement\":[{\"@type\":\"ListItem\",\"position\":1,\"name\":\"Home\",\"item\":\"https:\\\/\\\/blog.dltformazione.it\\\/\"},{\"@type\":\"ListItem\",\"position\":2,\"name\":\"Scadenza CFP 31 dicembre 2025: ultima chiamata per architetti e geometri\"}]},{\"@type\":\"WebSite\",\"@id\":\"https:\\\/\\\/blog.dltformazione.it\\\/#website\",\"url\":\"https:\\\/\\\/blog.dltformazione.it\\\/\",\"name\":\"DLT Formazione Blog\",\"description\":\"Dove i professionisti si informano e si formano\",\"publisher\":{\"@id\":\"https:\\\/\\\/blog.dltformazione.it\\\/#organization\"},\"potentialAction\":[{\"@type\":\"SearchAction\",\"target\":{\"@type\":\"EntryPoint\",\"urlTemplate\":\"https:\\\/\\\/blog.dltformazione.it\\\/?s={search_term_string}\"},\"query-input\":{\"@type\":\"PropertyValueSpecification\",\"valueRequired\":true,\"valueName\":\"search_term_string\"}}],\"inLanguage\":\"it-IT\"},{\"@type\":\"Organization\",\"@id\":\"https:\\\/\\\/blog.dltformazione.it\\\/#organization\",\"name\":\"DLT Formazione Blog\",\"url\":\"https:\\\/\\\/blog.dltformazione.it\\\/\",\"logo\":{\"@type\":\"ImageObject\",\"inLanguage\":\"it-IT\",\"@id\":\"https:\\\/\\\/blog.dltformazione.it\\\/#\\\/schema\\\/logo\\\/image\\\/\",\"url\":\"https:\\\/\\\/blog.dltformazione.it\\\/wp-content\\\/uploads\\\/2025\\\/08\\\/dlt_logo.jpg\",\"contentUrl\":\"https:\\\/\\\/blog.dltformazione.it\\\/wp-content\\\/uploads\\\/2025\\\/08\\\/dlt_logo.jpg\",\"width\":1002,\"height\":1000,\"caption\":\"DLT Formazione Blog\"},\"image\":{\"@id\":\"https:\\\/\\\/blog.dltformazione.it\\\/#\\\/schema\\\/logo\\\/image\\\/\"},\"sameAs\":[\"https:\\\/\\\/www.facebook.com\\\/dltformazione\\\/\",\"https:\\\/\\\/www.instagram.com\\\/dltformazionecorsi\\\/\"]},{\"@type\":\"Person\",\"@id\":\"https:\\\/\\\/blog.dltformazione.it\\\/#\\\/schema\\\/person\\\/5800b6b71dd6c7c332e7dd27fb6cbad4\",\"name\":\"dltformazione\",\"image\":{\"@type\":\"ImageObject\",\"inLanguage\":\"it-IT\",\"@id\":\"https:\\\/\\\/secure.gravatar.com\\\/avatar\\\/5adbb8d66fe37af5a248e54596f7865361352912154a2bf3ccf19aa23ae83bda?s=96&d=mm&r=g\",\"url\":\"https:\\\/\\\/secure.gravatar.com\\\/avatar\\\/5adbb8d66fe37af5a248e54596f7865361352912154a2bf3ccf19aa23ae83bda?s=96&d=mm&r=g\",\"contentUrl\":\"https:\\\/\\\/secure.gravatar.com\\\/avatar\\\/5adbb8d66fe37af5a248e54596f7865361352912154a2bf3ccf19aa23ae83bda?s=96&d=mm&r=g\",\"caption\":\"dltformazione\"},\"sameAs\":[\"https:\\\/\\\/blog.dltformazione.it\\\/\"],\"url\":\"https:\\\/\\\/blog.dltformazione.it\\\/index.php\\\/author\\\/dltformazione\\\/\"}]}<\/script>\n<!-- \/ Yoast SEO plugin. -->","yoast_head_json":{"title":"Certificazione energetica degli edifici: aggiornamenti 2025 e nuove opportunit\u00e0 professionali","description":"Certificazione energetica degli edifici: aggiornamenti 2025 e nuove opportunit\u00e0 professionali","robots":{"index":"index","follow":"follow","max-snippet":"max-snippet:-1","max-image-preview":"max-image-preview:large","max-video-preview":"max-video-preview:-1"},"canonical":"https:\/\/blog.dltformazione.it\/index.php\/2025\/12\/29\/scadenza-cfp-31-dicembre-2025-ultima-chiamata-per-architetti-e-geometri\/","og_locale":"it_IT","og_type":"article","og_title":"Certificazione energetica degli edifici: aggiornamenti 2025 e nuove opportunit\u00e0 professionali","og_description":"Certificazione energetica degli edifici: aggiornamenti 2025 e nuove opportunit\u00e0 professionali","og_url":"https:\/\/blog.dltformazione.it\/index.php\/2025\/12\/29\/scadenza-cfp-31-dicembre-2025-ultima-chiamata-per-architetti-e-geometri\/","og_site_name":"DLT Formazione Blog","article_publisher":"https:\/\/www.facebook.com\/dltformazione\/","article_published_time":"2025-12-29T12:35:36+00:00","article_modified_time":"2026-02-02T09:22:28+00:00","og_image":[{"width":800,"height":520,"url":"https:\/\/blog.dltformazione.it\/wp-content\/uploads\/2025\/11\/APE-e1762094173921.jpg","type":"image\/jpeg"}],"author":"dltformazione","twitter_card":"summary_large_image","twitter_misc":{"Scritto da":"dltformazione","Tempo di lettura stimato":"5 minuti"},"schema":{"@context":"https:\/\/schema.org","@graph":[{"@type":"Article","@id":"https:\/\/blog.dltformazione.it\/index.php\/2025\/12\/29\/scadenza-cfp-31-dicembre-2025-ultima-chiamata-per-architetti-e-geometri\/#article","isPartOf":{"@id":"https:\/\/blog.dltformazione.it\/index.php\/2025\/12\/29\/scadenza-cfp-31-dicembre-2025-ultima-chiamata-per-architetti-e-geometri\/"},"author":{"name":"dltformazione","@id":"https:\/\/blog.dltformazione.it\/#\/schema\/person\/5800b6b71dd6c7c332e7dd27fb6cbad4"},"headline":"Scadenza CFP 31 dicembre 2025: ultima chiamata per architetti e geometri","datePublished":"2025-12-29T12:35:36+00:00","dateModified":"2026-02-02T09:22:28+00:00","mainEntityOfPage":{"@id":"https:\/\/blog.dltformazione.it\/index.php\/2025\/12\/29\/scadenza-cfp-31-dicembre-2025-ultima-chiamata-per-architetti-e-geometri\/"},"wordCount":3738,"commentCount":0,"publisher":{"@id":"https:\/\/blog.dltformazione.it\/#organization"},"keywords":["certificazione energetica","Normativa"],"articleSection":["Efficienza Energetica","Normative e Sicurezza","Progettazione"],"inLanguage":"it-IT","potentialAction":[{"@type":"CommentAction","name":"Comment","target":["https:\/\/blog.dltformazione.it\/index.php\/2025\/12\/29\/scadenza-cfp-31-dicembre-2025-ultima-chiamata-per-architetti-e-geometri\/#respond"]}]},{"@type":"WebPage","@id":"https:\/\/blog.dltformazione.it\/index.php\/2025\/12\/29\/scadenza-cfp-31-dicembre-2025-ultima-chiamata-per-architetti-e-geometri\/","url":"https:\/\/blog.dltformazione.it\/index.php\/2025\/12\/29\/scadenza-cfp-31-dicembre-2025-ultima-chiamata-per-architetti-e-geometri\/","name":"Certificazione energetica degli edifici: aggiornamenti 2025 e nuove opportunit\u00e0 professionali","isPartOf":{"@id":"https:\/\/blog.dltformazione.it\/#website"},"datePublished":"2025-12-29T12:35:36+00:00","dateModified":"2026-02-02T09:22:28+00:00","description":"Certificazione energetica degli edifici: aggiornamenti 2025 e nuove opportunit\u00e0 professionali","breadcrumb":{"@id":"https:\/\/blog.dltformazione.it\/index.php\/2025\/12\/29\/scadenza-cfp-31-dicembre-2025-ultima-chiamata-per-architetti-e-geometri\/#breadcrumb"},"inLanguage":"it-IT","potentialAction":[{"@type":"ReadAction","target":["https:\/\/blog.dltformazione.it\/index.php\/2025\/12\/29\/scadenza-cfp-31-dicembre-2025-ultima-chiamata-per-architetti-e-geometri\/"]}]},{"@type":"BreadcrumbList","@id":"https:\/\/blog.dltformazione.it\/index.php\/2025\/12\/29\/scadenza-cfp-31-dicembre-2025-ultima-chiamata-per-architetti-e-geometri\/#breadcrumb","itemListElement":[{"@type":"ListItem","position":1,"name":"Home","item":"https:\/\/blog.dltformazione.it\/"},{"@type":"ListItem","position":2,"name":"Scadenza CFP 31 dicembre 2025: ultima chiamata per architetti e geometri"}]},{"@type":"WebSite","@id":"https:\/\/blog.dltformazione.it\/#website","url":"https:\/\/blog.dltformazione.it\/","name":"DLT Formazione Blog","description":"Dove i professionisti si informano e si formano","publisher":{"@id":"https:\/\/blog.dltformazione.it\/#organization"},"potentialAction":[{"@type":"SearchAction","target":{"@type":"EntryPoint","urlTemplate":"https:\/\/blog.dltformazione.it\/?s={search_term_string}"},"query-input":{"@type":"PropertyValueSpecification","valueRequired":true,"valueName":"search_term_string"}}],"inLanguage":"it-IT"},{"@type":"Organization","@id":"https:\/\/blog.dltformazione.it\/#organization","name":"DLT Formazione Blog","url":"https:\/\/blog.dltformazione.it\/","logo":{"@type":"ImageObject","inLanguage":"it-IT","@id":"https:\/\/blog.dltformazione.it\/#\/schema\/logo\/image\/","url":"https:\/\/blog.dltformazione.it\/wp-content\/uploads\/2025\/08\/dlt_logo.jpg","contentUrl":"https:\/\/blog.dltformazione.it\/wp-content\/uploads\/2025\/08\/dlt_logo.jpg","width":1002,"height":1000,"caption":"DLT Formazione Blog"},"image":{"@id":"https:\/\/blog.dltformazione.it\/#\/schema\/logo\/image\/"},"sameAs":["https:\/\/www.facebook.com\/dltformazione\/","https:\/\/www.instagram.com\/dltformazionecorsi\/"]},{"@type":"Person","@id":"https:\/\/blog.dltformazione.it\/#\/schema\/person\/5800b6b71dd6c7c332e7dd27fb6cbad4","name":"dltformazione","image":{"@type":"ImageObject","inLanguage":"it-IT","@id":"https:\/\/secure.gravatar.com\/avatar\/5adbb8d66fe37af5a248e54596f7865361352912154a2bf3ccf19aa23ae83bda?s=96&d=mm&r=g","url":"https:\/\/secure.gravatar.com\/avatar\/5adbb8d66fe37af5a248e54596f7865361352912154a2bf3ccf19aa23ae83bda?s=96&d=mm&r=g","contentUrl":"https:\/\/secure.gravatar.com\/avatar\/5adbb8d66fe37af5a248e54596f7865361352912154a2bf3ccf19aa23ae83bda?s=96&d=mm&r=g","caption":"dltformazione"},"sameAs":["https:\/\/blog.dltformazione.it\/"],"url":"https:\/\/blog.dltformazione.it\/index.php\/author\/dltformazione\/"}]}},"_links":{"self":[{"href":"https:\/\/blog.dltformazione.it\/index.php\/wp-json\/wp\/v2\/posts\/2430","targetHints":{"allow":["GET"]}}],"collection":[{"href":"https:\/\/blog.dltformazione.it\/index.php\/wp-json\/wp\/v2\/posts"}],"about":[{"href":"https:\/\/blog.dltformazione.it\/index.php\/wp-json\/wp\/v2\/types\/post"}],"author":[{"embeddable":true,"href":"https:\/\/blog.dltformazione.it\/index.php\/wp-json\/wp\/v2\/users\/1"}],"replies":[{"embeddable":true,"href":"https:\/\/blog.dltformazione.it\/index.php\/wp-json\/wp\/v2\/comments?post=2430"}],"version-history":[{"count":7,"href":"https:\/\/blog.dltformazione.it\/index.php\/wp-json\/wp\/v2\/posts\/2430\/revisions"}],"predecessor-version":[{"id":2440,"href":"https:\/\/blog.dltformazione.it\/index.php\/wp-json\/wp\/v2\/posts\/2430\/revisions\/2440"}],"wp:attachment":[{"href":"https:\/\/blog.dltformazione.it\/index.php\/wp-json\/wp\/v2\/media?parent=2430"}],"wp:term":[{"taxonomy":"category","embeddable":true,"href":"https:\/\/blog.dltformazione.it\/index.php\/wp-json\/wp\/v2\/categories?post=2430"},{"taxonomy":"post_tag","embeddable":true,"href":"https:\/\/blog.dltformazione.it\/index.php\/wp-json\/wp\/v2\/tags?post=2430"}],"curies":[{"name":"wp","href":"https:\/\/api.w.org\/{rel}","templated":true}]}}