{"id":2459,"date":"2026-04-25T20:43:16","date_gmt":"2026-04-25T20:43:16","guid":{"rendered":"https:\/\/blog.dltformazione.it\/?p=2459"},"modified":"2026-04-25T20:52:10","modified_gmt":"2026-04-25T20:52:10","slug":"design-biofilico-e-materiali-naturali-le-tendenze-dal-salone-del-mobile-2026-per-i-professionisti-della-progettazione","status":"publish","type":"post","link":"https:\/\/blog.dltformazione.it\/index.php\/2026\/04\/25\/design-biofilico-e-materiali-naturali-le-tendenze-dal-salone-del-mobile-2026-per-i-professionisti-della-progettazione\/","title":{"rendered":"Design biofilico e materiali naturali: le tendenze dal Salone del Mobile 2026 per i professionisti della progettazione"},"content":{"rendered":"<div class=\"fusion-fullwidth fullwidth-box fusion-builder-row-1 fusion-flex-container has-pattern-background has-mask-background nonhundred-percent-fullwidth non-hundred-percent-height-scrolling\" style=\"--awb-border-radius-top-left:0px;--awb-border-radius-top-right:0px;--awb-border-radius-bottom-right:0px;--awb-border-radius-bottom-left:0px;--awb-flex-wrap:wrap;\" ><div class=\"fusion-builder-row fusion-row fusion-flex-align-items-flex-start fusion-flex-content-wrap\" style=\"max-width:1302px;margin-left: calc(-5% \/ 2 );margin-right: calc(-5% \/ 2 );\"><div class=\"fusion-layout-column fusion_builder_column fusion-builder-column-0 fusion_builder_column_1_1 1_1 fusion-flex-column\" style=\"--awb-bg-size:cover;--awb-width-large:100%;--awb-margin-top-large:0px;--awb-spacing-right-large:2.375%;--awb-margin-bottom-large:0px;--awb-spacing-left-large:2.375%;--awb-width-medium:100%;--awb-order-medium:0;--awb-spacing-right-medium:2.375%;--awb-spacing-left-medium:2.375%;--awb-width-small:100%;--awb-order-small:0;--awb-spacing-right-small:2.375%;--awb-spacing-left-small:2.375%;\"><div class=\"fusion-column-wrapper fusion-column-has-shadow fusion-flex-justify-content-flex-start fusion-content-layout-column\"><div class=\"fusion-text fusion-text-1\"><p><span style=\"font-family: 'Helvetica Neue', Helvetica, Arial, sans-serif;\">Il Salone del Mobile 2026 conferma una direzione chiara: il futuro degli interni passa attraverso il recupero del legame con la natura. Materiali autentici, finiture naturali e progettazione biofilica non sono pi\u00f9 solo trend emergenti, ma standard consolidati che i professionisti devono padroneggiare.<\/span><\/p>\n<div class=\"fusion-text fusion-text-1\" style=\"font-size: 16px; line-height: 1.8; color: #333333; font-family: 'Helvetica Neue',Helvetica,Arial,sans-serif;\">\n<h2>Il ritorno ai materiali naturali nella progettazione contemporanea<\/h2>\n<p>Le collezioni presentate all&#8217;edizione 2026 del Salone hanno evidenziato un cambio di paradigma significativo: legno non trattato, pietra proveniente da cave locali e fibre vegetali dominano le proposte dei principali brand del settore. Questa scelta non risponde solo a un&#8217;esigenza estetica, ma rappresenta una risposta concreta alle crescenti richieste di sostenibilit\u00e0 ambientale e tracciabilit\u00e0 dei materiali. Per architetti e interior designer, conoscere le caratteristiche tecniche, la durabilit\u00e0 e le modalit\u00e0 di applicazione di questi materiali diventa essenziale per proporre soluzioni progettuali competitive e responsabili.<\/p>\n<h2>Design biofilico: dal concetto alla pratica professionale<\/h2>\n<figure class=\"wp-block-image size-large\"><img decoding=\"async\" class=\"lazyload wp-image-0\" src=\"data:image\/svg+xml,%3Csvg%20xmlns%3D%27http%3A%2F%2Fwww.w3.org%2F2000%2Fsvg%27%20width%3D%271672%27%20height%3D%27941%27%20viewBox%3D%270%200%201672%20941%27%3E%3Crect%20width%3D%271672%27%20height%3D%27941%27%20fill-opacity%3D%220%22%2F%3E%3C%2Fsvg%3E\" data-orig-src=\"https:\/\/blog.dltformazione.it\/wp-content\/uploads\/2026\/04\/Studio-di-design-biophilico-luminoso.png\" alt=\"Design biofilico e materiali naturali: le tendenze dal Salone del Mobile 2026 per i professionisti della progettazione\" \/><\/figure>\n<p>Il design biofilico, che integra elementi naturali negli spazi abitativi per migliorare il benessere psicofisico degli occupanti, si sta affermando come approccio metodologico strutturato. Non si tratta semplicemente di aggiungere piante agli interni, ma di ripensare gli spazi considerando luce naturale, ventilazione, palette cromatiche ispirate alla natura e continuit\u00e0 visiva con l&#8217;esterno. Gli studi scientifici confermano benefici misurabili: riduzione dello stress, aumento della produttivit\u00e0 e miglioramento della qualit\u00e0 dell&#8217;aria.<\/p>\n<h2>Sostenibilit\u00e0 e riduzione dell&#8217;impatto ambientale<\/h2>\n<p>L&#8217;attenzione ai materiali naturali si inserisce in una strategia pi\u00f9 ampia di riduzione dell&#8217;impatto ambientale dell&#8217;edilizia. L&#8217;utilizzo di materiali a km zero, tecniche di lavorazione a basso consumo energetico e la preferenza per finiture non trattate chimicamente contribuiscono significativamente alla sostenibilit\u00e0 dei progetti. Per geometri, ingegneri e architetti, questo approccio richiede un aggiornamento costante sulle certificazioni ambientali, sui fornitori qualificati e sulle normative in evoluzione.<\/p>\n<h2>Implicazioni operative per i professionisti<\/h2>\n<figure class=\"wp-block-image size-large\"><img decoding=\"async\" class=\"lazyload wp-image-0\" src=\"data:image\/svg+xml,%3Csvg%20xmlns%3D%27http%3A%2F%2Fwww.w3.org%2F2000%2Fsvg%27%20width%3D%271672%27%20height%3D%27941%27%20viewBox%3D%270%200%201672%20941%27%3E%3Crect%20width%3D%271672%27%20height%3D%27941%27%20fill-opacity%3D%220%22%2F%3E%3C%2Fsvg%3E\" data-orig-src=\"https:\/\/blog.dltformazione.it\/wp-content\/uploads\/2026\/04\/Studio-di-architettura-panoramico-e-sereno.png\" alt=\"Design biofilico e materiali naturali: le tendenze dal Salone del Mobile 2026 per i professionisti della progettazione\" \/><\/figure>\n<p>Tradurre queste tendenze in progetti concreti richiede competenze specifiche: dalla capacit\u00e0 di comunicare efficacemente le scelte progettuali ai clienti, alla conoscenza approfondita delle propriet\u00e0 tecniche dei materiali naturali, fino alla padronanza degli strumenti di visualizzazione. L&#8217;aggiornamento professionale diventa quindi non un&#8217;opzione, ma una necessit\u00e0 per chi vuole rimanere competitivo in un mercato sempre pi\u00f9 orientato verso la sostenibilit\u00e0 e il benessere abitativo.<\/p>\n<h2>Approfondisci con DLT Formazione<\/h2>\n<p>Per acquisire le competenze necessarie a interpretare e applicare queste tendenze nei tuoi progetti, DLT Formazione propone percorsi formativi specifici:<\/p>\n<ul style=\"margin: 0.8em 0 0.8em 1.5em; padding: 0;\">\n<li style=\"margin-bottom: 0.4em;\"><strong><a href=\"https:\/\/dltformazione.it\/corso-di-colori-materiali-e-finiture-per-linterior-design\/\" target=\"_blank\" rel=\"noopener\">Corso Colori, Materiali e Finiture per l&#8217;Interior Design<\/a><\/strong> \u2014 Approfondisci le caratteristiche tecniche ed estetiche dei materiali naturali e impara a selezionarli e combinarli efficacemente nei tuoi progetti.<\/li>\n<li style=\"margin-bottom: 0.4em;\"><strong><a href=\"https:\/\/dltformazione.it\/corso-di-stili-e-tendenze-per-linterior-design\/\" target=\"_blank\" rel=\"noopener\">Corso Stili e Tendenze per l&#8217;Interior Design<\/a><\/strong> \u2014 Comprendi l&#8217;evoluzione del design biofilico nel contesto delle tendenze contemporanee e impara a integrarle nella tua pratica professionale.<\/li>\n<li style=\"margin-bottom: 0.4em;\"><strong><a href=\"https:\/\/dltformazione.it\/corso-di-interior-design-base-elearning\/\" target=\"_blank\" rel=\"noopener\">Corso Interior Design Base<\/a><\/strong> \u2014 Costruisci le fondamenta metodologiche per affrontare progetti che integrano benessere abitativo, sostenibilit\u00e0 e scelte materiche consapevoli.<\/li>\n<\/ul>\n<\/div>\n<\/div><\/div><\/div><\/div><\/div>\n","protected":false},"excerpt":{"rendered":"","protected":false},"author":1,"featured_media":2457,"comment_status":"open","ping_status":"open","sticky":false,"template":"","format":"standard","meta":{"_acf_changed":false,"footnotes":""},"categories":[76],"tags":[],"class_list":["post-2459","post","type-post","status-publish","format-standard","has-post-thumbnail","hentry","category-design"],"acf":[],"yoast_head":"<!-- This site is optimized with the Yoast SEO plugin v27.4 - https:\/\/yoast.com\/product\/yoast-seo-wordpress\/ -->\n<title>Design biofilico e materiali naturali: le tendenze dal Salone del Mobile 2026 per i professionisti della progettazione - DLT Formazione Blog<\/title>\n<meta name=\"description\" content=\"Design biofilico e materiali naturali: le tendenze dal Salone del Mobile 2026 per i professionisti della progettazione\" \/>\n<meta name=\"robots\" content=\"index, follow, max-snippet:-1, max-image-preview:large, max-video-preview:-1\" \/>\n<link rel=\"canonical\" href=\"https:\/\/blog.dltformazione.it\/index.php\/2026\/04\/25\/design-biofilico-e-materiali-naturali-le-tendenze-dal-salone-del-mobile-2026-per-i-professionisti-della-progettazione\/\" \/>\n<meta property=\"og:locale\" content=\"it_IT\" \/>\n<meta property=\"og:type\" content=\"article\" \/>\n<meta property=\"og:title\" content=\"Design biofilico e materiali naturali: le tendenze dal Salone del Mobile 2026 per i professionisti della progettazione - DLT Formazione Blog\" \/>\n<meta property=\"og:description\" content=\"Design biofilico e materiali naturali: le tendenze dal Salone del Mobile 2026 per i professionisti della progettazione\" \/>\n<meta property=\"og:url\" content=\"https:\/\/blog.dltformazione.it\/index.php\/2026\/04\/25\/design-biofilico-e-materiali-naturali-le-tendenze-dal-salone-del-mobile-2026-per-i-professionisti-della-progettazione\/\" \/>\n<meta property=\"og:site_name\" content=\"DLT Formazione Blog\" \/>\n<meta property=\"article:publisher\" content=\"https:\/\/www.facebook.com\/dltformazione\/\" \/>\n<meta property=\"article:published_time\" content=\"2026-04-25T20:43:16+00:00\" \/>\n<meta property=\"article:modified_time\" content=\"2026-04-25T20:52:10+00:00\" \/>\n<meta property=\"og:image\" content=\"https:\/\/blog.dltformazione.it\/wp-content\/uploads\/2026\/04\/spazio-naturale-e-minimalista-1024x576.png\" \/>\n\t<meta property=\"og:image:width\" content=\"1024\" \/>\n\t<meta property=\"og:image:height\" content=\"576\" \/>\n\t<meta property=\"og:image:type\" content=\"image\/png\" \/>\n<meta name=\"author\" content=\"dltformazione\" \/>\n<meta name=\"twitter:card\" content=\"summary_large_image\" \/>\n<meta name=\"twitter:label1\" content=\"Scritto da\" \/>\n\t<meta name=\"twitter:data1\" content=\"dltformazione\" \/>\n\t<meta name=\"twitter:label2\" content=\"Tempo di lettura stimato\" \/>\n\t<meta name=\"twitter:data2\" content=\"4 minuti\" \/>\n<script type=\"application\/ld+json\" class=\"yoast-schema-graph\">{\"@context\":\"https:\\\/\\\/schema.org\",\"@graph\":[{\"@type\":\"Article\",\"@id\":\"https:\\\/\\\/blog.dltformazione.it\\\/index.php\\\/2026\\\/04\\\/25\\\/design-biofilico-e-materiali-naturali-le-tendenze-dal-salone-del-mobile-2026-per-i-professionisti-della-progettazione\\\/#article\",\"isPartOf\":{\"@id\":\"https:\\\/\\\/blog.dltformazione.it\\\/index.php\\\/2026\\\/04\\\/25\\\/design-biofilico-e-materiali-naturali-le-tendenze-dal-salone-del-mobile-2026-per-i-professionisti-della-progettazione\\\/\"},\"author\":{\"name\":\"dltformazione\",\"@id\":\"https:\\\/\\\/blog.dltformazione.it\\\/#\\\/schema\\\/person\\\/5800b6b71dd6c7c332e7dd27fb6cbad4\"},\"headline\":\"Design biofilico e materiali naturali: le tendenze dal Salone del Mobile 2026 per i professionisti della progettazione\",\"datePublished\":\"2026-04-25T20:43:16+00:00\",\"dateModified\":\"2026-04-25T20:52:10+00:00\",\"mainEntityOfPage\":{\"@id\":\"https:\\\/\\\/blog.dltformazione.it\\\/index.php\\\/2026\\\/04\\\/25\\\/design-biofilico-e-materiali-naturali-le-tendenze-dal-salone-del-mobile-2026-per-i-professionisti-della-progettazione\\\/\"},\"wordCount\":1642,\"commentCount\":0,\"publisher\":{\"@id\":\"https:\\\/\\\/blog.dltformazione.it\\\/#organization\"},\"image\":{\"@id\":\"https:\\\/\\\/blog.dltformazione.it\\\/index.php\\\/2026\\\/04\\\/25\\\/design-biofilico-e-materiali-naturali-le-tendenze-dal-salone-del-mobile-2026-per-i-professionisti-della-progettazione\\\/#primaryimage\"},\"thumbnailUrl\":\"https:\\\/\\\/blog.dltformazione.it\\\/wp-content\\\/uploads\\\/2026\\\/04\\\/spazio-naturale-e-minimalista.png\",\"articleSection\":[\"Design\"],\"inLanguage\":\"it-IT\",\"potentialAction\":[{\"@type\":\"CommentAction\",\"name\":\"Comment\",\"target\":[\"https:\\\/\\\/blog.dltformazione.it\\\/index.php\\\/2026\\\/04\\\/25\\\/design-biofilico-e-materiali-naturali-le-tendenze-dal-salone-del-mobile-2026-per-i-professionisti-della-progettazione\\\/#respond\"]}]},{\"@type\":\"WebPage\",\"@id\":\"https:\\\/\\\/blog.dltformazione.it\\\/index.php\\\/2026\\\/04\\\/25\\\/design-biofilico-e-materiali-naturali-le-tendenze-dal-salone-del-mobile-2026-per-i-professionisti-della-progettazione\\\/\",\"url\":\"https:\\\/\\\/blog.dltformazione.it\\\/index.php\\\/2026\\\/04\\\/25\\\/design-biofilico-e-materiali-naturali-le-tendenze-dal-salone-del-mobile-2026-per-i-professionisti-della-progettazione\\\/\",\"name\":\"Design biofilico e materiali naturali: le tendenze dal Salone del Mobile 2026 per i professionisti della progettazione - DLT Formazione Blog\",\"isPartOf\":{\"@id\":\"https:\\\/\\\/blog.dltformazione.it\\\/#website\"},\"primaryImageOfPage\":{\"@id\":\"https:\\\/\\\/blog.dltformazione.it\\\/index.php\\\/2026\\\/04\\\/25\\\/design-biofilico-e-materiali-naturali-le-tendenze-dal-salone-del-mobile-2026-per-i-professionisti-della-progettazione\\\/#primaryimage\"},\"image\":{\"@id\":\"https:\\\/\\\/blog.dltformazione.it\\\/index.php\\\/2026\\\/04\\\/25\\\/design-biofilico-e-materiali-naturali-le-tendenze-dal-salone-del-mobile-2026-per-i-professionisti-della-progettazione\\\/#primaryimage\"},\"thumbnailUrl\":\"https:\\\/\\\/blog.dltformazione.it\\\/wp-content\\\/uploads\\\/2026\\\/04\\\/spazio-naturale-e-minimalista.png\",\"datePublished\":\"2026-04-25T20:43:16+00:00\",\"dateModified\":\"2026-04-25T20:52:10+00:00\",\"description\":\"Design biofilico e materiali naturali: le tendenze dal Salone del Mobile 2026 per i professionisti della progettazione\",\"breadcrumb\":{\"@id\":\"https:\\\/\\\/blog.dltformazione.it\\\/index.php\\\/2026\\\/04\\\/25\\\/design-biofilico-e-materiali-naturali-le-tendenze-dal-salone-del-mobile-2026-per-i-professionisti-della-progettazione\\\/#breadcrumb\"},\"inLanguage\":\"it-IT\",\"potentialAction\":[{\"@type\":\"ReadAction\",\"target\":[\"https:\\\/\\\/blog.dltformazione.it\\\/index.php\\\/2026\\\/04\\\/25\\\/design-biofilico-e-materiali-naturali-le-tendenze-dal-salone-del-mobile-2026-per-i-professionisti-della-progettazione\\\/\"]}]},{\"@type\":\"ImageObject\",\"inLanguage\":\"it-IT\",\"@id\":\"https:\\\/\\\/blog.dltformazione.it\\\/index.php\\\/2026\\\/04\\\/25\\\/design-biofilico-e-materiali-naturali-le-tendenze-dal-salone-del-mobile-2026-per-i-professionisti-della-progettazione\\\/#primaryimage\",\"url\":\"https:\\\/\\\/blog.dltformazione.it\\\/wp-content\\\/uploads\\\/2026\\\/04\\\/spazio-naturale-e-minimalista.png\",\"contentUrl\":\"https:\\\/\\\/blog.dltformazione.it\\\/wp-content\\\/uploads\\\/2026\\\/04\\\/spazio-naturale-e-minimalista.png\",\"width\":1672,\"height\":941,\"caption\":\"Design biofilico e materiali naturali: le tendenze dal Salone del Mobile 2026 per i professionisti della progettazione\"},{\"@type\":\"BreadcrumbList\",\"@id\":\"https:\\\/\\\/blog.dltformazione.it\\\/index.php\\\/2026\\\/04\\\/25\\\/design-biofilico-e-materiali-naturali-le-tendenze-dal-salone-del-mobile-2026-per-i-professionisti-della-progettazione\\\/#breadcrumb\",\"itemListElement\":[{\"@type\":\"ListItem\",\"position\":1,\"name\":\"Home\",\"item\":\"https:\\\/\\\/blog.dltformazione.it\\\/\"},{\"@type\":\"ListItem\",\"position\":2,\"name\":\"Design biofilico e materiali naturali: le tendenze dal Salone del Mobile 2026 per i professionisti della progettazione\"}]},{\"@type\":\"WebSite\",\"@id\":\"https:\\\/\\\/blog.dltformazione.it\\\/#website\",\"url\":\"https:\\\/\\\/blog.dltformazione.it\\\/\",\"name\":\"DLT Formazione Blog\",\"description\":\"Dove i professionisti si informano e si formano\",\"publisher\":{\"@id\":\"https:\\\/\\\/blog.dltformazione.it\\\/#organization\"},\"potentialAction\":[{\"@type\":\"SearchAction\",\"target\":{\"@type\":\"EntryPoint\",\"urlTemplate\":\"https:\\\/\\\/blog.dltformazione.it\\\/?s={search_term_string}\"},\"query-input\":{\"@type\":\"PropertyValueSpecification\",\"valueRequired\":true,\"valueName\":\"search_term_string\"}}],\"inLanguage\":\"it-IT\"},{\"@type\":\"Organization\",\"@id\":\"https:\\\/\\\/blog.dltformazione.it\\\/#organization\",\"name\":\"DLT Formazione Blog\",\"url\":\"https:\\\/\\\/blog.dltformazione.it\\\/\",\"logo\":{\"@type\":\"ImageObject\",\"inLanguage\":\"it-IT\",\"@id\":\"https:\\\/\\\/blog.dltformazione.it\\\/#\\\/schema\\\/logo\\\/image\\\/\",\"url\":\"https:\\\/\\\/blog.dltformazione.it\\\/wp-content\\\/uploads\\\/2025\\\/08\\\/dlt_logo.jpg\",\"contentUrl\":\"https:\\\/\\\/blog.dltformazione.it\\\/wp-content\\\/uploads\\\/2025\\\/08\\\/dlt_logo.jpg\",\"width\":1002,\"height\":1000,\"caption\":\"DLT Formazione Blog\"},\"image\":{\"@id\":\"https:\\\/\\\/blog.dltformazione.it\\\/#\\\/schema\\\/logo\\\/image\\\/\"},\"sameAs\":[\"https:\\\/\\\/www.facebook.com\\\/dltformazione\\\/\",\"https:\\\/\\\/www.instagram.com\\\/dltformazionecorsi\\\/\"]},{\"@type\":\"Person\",\"@id\":\"https:\\\/\\\/blog.dltformazione.it\\\/#\\\/schema\\\/person\\\/5800b6b71dd6c7c332e7dd27fb6cbad4\",\"name\":\"dltformazione\",\"image\":{\"@type\":\"ImageObject\",\"inLanguage\":\"it-IT\",\"@id\":\"https:\\\/\\\/secure.gravatar.com\\\/avatar\\\/5adbb8d66fe37af5a248e54596f7865361352912154a2bf3ccf19aa23ae83bda?s=96&d=mm&r=g\",\"url\":\"https:\\\/\\\/secure.gravatar.com\\\/avatar\\\/5adbb8d66fe37af5a248e54596f7865361352912154a2bf3ccf19aa23ae83bda?s=96&d=mm&r=g\",\"contentUrl\":\"https:\\\/\\\/secure.gravatar.com\\\/avatar\\\/5adbb8d66fe37af5a248e54596f7865361352912154a2bf3ccf19aa23ae83bda?s=96&d=mm&r=g\",\"caption\":\"dltformazione\"},\"sameAs\":[\"https:\\\/\\\/blog.dltformazione.it\\\/\"],\"url\":\"https:\\\/\\\/blog.dltformazione.it\\\/index.php\\\/author\\\/dltformazione\\\/\"}]}<\/script>\n<!-- \/ Yoast SEO plugin. -->","yoast_head_json":{"title":"Design biofilico e materiali naturali: le tendenze dal Salone del Mobile 2026 per i professionisti della progettazione - DLT Formazione Blog","description":"Design biofilico e materiali naturali: le tendenze dal Salone del Mobile 2026 per i professionisti della progettazione","robots":{"index":"index","follow":"follow","max-snippet":"max-snippet:-1","max-image-preview":"max-image-preview:large","max-video-preview":"max-video-preview:-1"},"canonical":"https:\/\/blog.dltformazione.it\/index.php\/2026\/04\/25\/design-biofilico-e-materiali-naturali-le-tendenze-dal-salone-del-mobile-2026-per-i-professionisti-della-progettazione\/","og_locale":"it_IT","og_type":"article","og_title":"Design biofilico e materiali naturali: le tendenze dal Salone del Mobile 2026 per i professionisti della progettazione - DLT Formazione Blog","og_description":"Design biofilico e materiali naturali: le tendenze dal Salone del Mobile 2026 per i professionisti della progettazione","og_url":"https:\/\/blog.dltformazione.it\/index.php\/2026\/04\/25\/design-biofilico-e-materiali-naturali-le-tendenze-dal-salone-del-mobile-2026-per-i-professionisti-della-progettazione\/","og_site_name":"DLT Formazione Blog","article_publisher":"https:\/\/www.facebook.com\/dltformazione\/","article_published_time":"2026-04-25T20:43:16+00:00","article_modified_time":"2026-04-25T20:52:10+00:00","og_image":[{"width":1024,"height":576,"url":"https:\/\/blog.dltformazione.it\/wp-content\/uploads\/2026\/04\/spazio-naturale-e-minimalista-1024x576.png","type":"image\/png"}],"author":"dltformazione","twitter_card":"summary_large_image","twitter_misc":{"Scritto da":"dltformazione","Tempo di lettura stimato":"4 minuti"},"schema":{"@context":"https:\/\/schema.org","@graph":[{"@type":"Article","@id":"https:\/\/blog.dltformazione.it\/index.php\/2026\/04\/25\/design-biofilico-e-materiali-naturali-le-tendenze-dal-salone-del-mobile-2026-per-i-professionisti-della-progettazione\/#article","isPartOf":{"@id":"https:\/\/blog.dltformazione.it\/index.php\/2026\/04\/25\/design-biofilico-e-materiali-naturali-le-tendenze-dal-salone-del-mobile-2026-per-i-professionisti-della-progettazione\/"},"author":{"name":"dltformazione","@id":"https:\/\/blog.dltformazione.it\/#\/schema\/person\/5800b6b71dd6c7c332e7dd27fb6cbad4"},"headline":"Design biofilico e materiali naturali: le tendenze dal Salone del Mobile 2026 per i professionisti della progettazione","datePublished":"2026-04-25T20:43:16+00:00","dateModified":"2026-04-25T20:52:10+00:00","mainEntityOfPage":{"@id":"https:\/\/blog.dltformazione.it\/index.php\/2026\/04\/25\/design-biofilico-e-materiali-naturali-le-tendenze-dal-salone-del-mobile-2026-per-i-professionisti-della-progettazione\/"},"wordCount":1642,"commentCount":0,"publisher":{"@id":"https:\/\/blog.dltformazione.it\/#organization"},"image":{"@id":"https:\/\/blog.dltformazione.it\/index.php\/2026\/04\/25\/design-biofilico-e-materiali-naturali-le-tendenze-dal-salone-del-mobile-2026-per-i-professionisti-della-progettazione\/#primaryimage"},"thumbnailUrl":"https:\/\/blog.dltformazione.it\/wp-content\/uploads\/2026\/04\/spazio-naturale-e-minimalista.png","articleSection":["Design"],"inLanguage":"it-IT","potentialAction":[{"@type":"CommentAction","name":"Comment","target":["https:\/\/blog.dltformazione.it\/index.php\/2026\/04\/25\/design-biofilico-e-materiali-naturali-le-tendenze-dal-salone-del-mobile-2026-per-i-professionisti-della-progettazione\/#respond"]}]},{"@type":"WebPage","@id":"https:\/\/blog.dltformazione.it\/index.php\/2026\/04\/25\/design-biofilico-e-materiali-naturali-le-tendenze-dal-salone-del-mobile-2026-per-i-professionisti-della-progettazione\/","url":"https:\/\/blog.dltformazione.it\/index.php\/2026\/04\/25\/design-biofilico-e-materiali-naturali-le-tendenze-dal-salone-del-mobile-2026-per-i-professionisti-della-progettazione\/","name":"Design biofilico e materiali naturali: le tendenze dal Salone del Mobile 2026 per i professionisti della progettazione - DLT Formazione Blog","isPartOf":{"@id":"https:\/\/blog.dltformazione.it\/#website"},"primaryImageOfPage":{"@id":"https:\/\/blog.dltformazione.it\/index.php\/2026\/04\/25\/design-biofilico-e-materiali-naturali-le-tendenze-dal-salone-del-mobile-2026-per-i-professionisti-della-progettazione\/#primaryimage"},"image":{"@id":"https:\/\/blog.dltformazione.it\/index.php\/2026\/04\/25\/design-biofilico-e-materiali-naturali-le-tendenze-dal-salone-del-mobile-2026-per-i-professionisti-della-progettazione\/#primaryimage"},"thumbnailUrl":"https:\/\/blog.dltformazione.it\/wp-content\/uploads\/2026\/04\/spazio-naturale-e-minimalista.png","datePublished":"2026-04-25T20:43:16+00:00","dateModified":"2026-04-25T20:52:10+00:00","description":"Design biofilico e materiali naturali: le tendenze dal Salone del Mobile 2026 per i professionisti della progettazione","breadcrumb":{"@id":"https:\/\/blog.dltformazione.it\/index.php\/2026\/04\/25\/design-biofilico-e-materiali-naturali-le-tendenze-dal-salone-del-mobile-2026-per-i-professionisti-della-progettazione\/#breadcrumb"},"inLanguage":"it-IT","potentialAction":[{"@type":"ReadAction","target":["https:\/\/blog.dltformazione.it\/index.php\/2026\/04\/25\/design-biofilico-e-materiali-naturali-le-tendenze-dal-salone-del-mobile-2026-per-i-professionisti-della-progettazione\/"]}]},{"@type":"ImageObject","inLanguage":"it-IT","@id":"https:\/\/blog.dltformazione.it\/index.php\/2026\/04\/25\/design-biofilico-e-materiali-naturali-le-tendenze-dal-salone-del-mobile-2026-per-i-professionisti-della-progettazione\/#primaryimage","url":"https:\/\/blog.dltformazione.it\/wp-content\/uploads\/2026\/04\/spazio-naturale-e-minimalista.png","contentUrl":"https:\/\/blog.dltformazione.it\/wp-content\/uploads\/2026\/04\/spazio-naturale-e-minimalista.png","width":1672,"height":941,"caption":"Design biofilico e materiali naturali: le tendenze dal Salone del Mobile 2026 per i professionisti della progettazione"},{"@type":"BreadcrumbList","@id":"https:\/\/blog.dltformazione.it\/index.php\/2026\/04\/25\/design-biofilico-e-materiali-naturali-le-tendenze-dal-salone-del-mobile-2026-per-i-professionisti-della-progettazione\/#breadcrumb","itemListElement":[{"@type":"ListItem","position":1,"name":"Home","item":"https:\/\/blog.dltformazione.it\/"},{"@type":"ListItem","position":2,"name":"Design biofilico e materiali naturali: le tendenze dal Salone del Mobile 2026 per i professionisti della progettazione"}]},{"@type":"WebSite","@id":"https:\/\/blog.dltformazione.it\/#website","url":"https:\/\/blog.dltformazione.it\/","name":"DLT Formazione Blog","description":"Dove i professionisti si informano e si formano","publisher":{"@id":"https:\/\/blog.dltformazione.it\/#organization"},"potentialAction":[{"@type":"SearchAction","target":{"@type":"EntryPoint","urlTemplate":"https:\/\/blog.dltformazione.it\/?s={search_term_string}"},"query-input":{"@type":"PropertyValueSpecification","valueRequired":true,"valueName":"search_term_string"}}],"inLanguage":"it-IT"},{"@type":"Organization","@id":"https:\/\/blog.dltformazione.it\/#organization","name":"DLT Formazione Blog","url":"https:\/\/blog.dltformazione.it\/","logo":{"@type":"ImageObject","inLanguage":"it-IT","@id":"https:\/\/blog.dltformazione.it\/#\/schema\/logo\/image\/","url":"https:\/\/blog.dltformazione.it\/wp-content\/uploads\/2025\/08\/dlt_logo.jpg","contentUrl":"https:\/\/blog.dltformazione.it\/wp-content\/uploads\/2025\/08\/dlt_logo.jpg","width":1002,"height":1000,"caption":"DLT Formazione Blog"},"image":{"@id":"https:\/\/blog.dltformazione.it\/#\/schema\/logo\/image\/"},"sameAs":["https:\/\/www.facebook.com\/dltformazione\/","https:\/\/www.instagram.com\/dltformazionecorsi\/"]},{"@type":"Person","@id":"https:\/\/blog.dltformazione.it\/#\/schema\/person\/5800b6b71dd6c7c332e7dd27fb6cbad4","name":"dltformazione","image":{"@type":"ImageObject","inLanguage":"it-IT","@id":"https:\/\/secure.gravatar.com\/avatar\/5adbb8d66fe37af5a248e54596f7865361352912154a2bf3ccf19aa23ae83bda?s=96&d=mm&r=g","url":"https:\/\/secure.gravatar.com\/avatar\/5adbb8d66fe37af5a248e54596f7865361352912154a2bf3ccf19aa23ae83bda?s=96&d=mm&r=g","contentUrl":"https:\/\/secure.gravatar.com\/avatar\/5adbb8d66fe37af5a248e54596f7865361352912154a2bf3ccf19aa23ae83bda?s=96&d=mm&r=g","caption":"dltformazione"},"sameAs":["https:\/\/blog.dltformazione.it\/"],"url":"https:\/\/blog.dltformazione.it\/index.php\/author\/dltformazione\/"}]}},"_links":{"self":[{"href":"https:\/\/blog.dltformazione.it\/index.php\/wp-json\/wp\/v2\/posts\/2459","targetHints":{"allow":["GET"]}}],"collection":[{"href":"https:\/\/blog.dltformazione.it\/index.php\/wp-json\/wp\/v2\/posts"}],"about":[{"href":"https:\/\/blog.dltformazione.it\/index.php\/wp-json\/wp\/v2\/types\/post"}],"author":[{"embeddable":true,"href":"https:\/\/blog.dltformazione.it\/index.php\/wp-json\/wp\/v2\/users\/1"}],"replies":[{"embeddable":true,"href":"https:\/\/blog.dltformazione.it\/index.php\/wp-json\/wp\/v2\/comments?post=2459"}],"version-history":[{"count":9,"href":"https:\/\/blog.dltformazione.it\/index.php\/wp-json\/wp\/v2\/posts\/2459\/revisions"}],"predecessor-version":[{"id":2468,"href":"https:\/\/blog.dltformazione.it\/index.php\/wp-json\/wp\/v2\/posts\/2459\/revisions\/2468"}],"wp:featuredmedia":[{"embeddable":true,"href":"https:\/\/blog.dltformazione.it\/index.php\/wp-json\/wp\/v2\/media\/2457"}],"wp:attachment":[{"href":"https:\/\/blog.dltformazione.it\/index.php\/wp-json\/wp\/v2\/media?parent=2459"}],"wp:term":[{"taxonomy":"category","embeddable":true,"href":"https:\/\/blog.dltformazione.it\/index.php\/wp-json\/wp\/v2\/categories?post=2459"},{"taxonomy":"post_tag","embeddable":true,"href":"https:\/\/blog.dltformazione.it\/index.php\/wp-json\/wp\/v2\/tags?post=2459"}],"curies":[{"name":"wp","href":"https:\/\/api.w.org\/{rel}","templated":true}]}}